{"id":1134,"date":"2016-04-24T08:52:04","date_gmt":"2016-04-24T06:52:04","guid":{"rendered":"http:\/\/www.zti.il.pw.edu.pl\/?p=1134"},"modified":"2016-04-26T09:20:44","modified_gmt":"2016-04-26T07:20:44","slug":"uniwersytey-w-dobie-przemian","status":"publish","type":"post","link":"https:\/\/www.zti.il.pw.edu.pl\/?p=1134","title":{"rendered":"Uniwersytet w dobie przemian"},"content":{"rendered":"<p>Jako g\u0142os w dyskusji dotycz\u0105cej kondycji naszego wydzia\u0142u polecam wszystkim lektur\u0119 ksi\u0105\u017cki Pana Profesora Marka Kwieka <a href=\"http:\/\/ksiegarnia.pwn.pl\/Uniwersytet-w-dobie-przemian,129303177,p.html\" title=\"Kwiek\" target=\"_blank\">Uniwersytet w dobie przemian<\/a>. <\/p>\n<blockquote><p>Ksi\u0105\u017cka jest wynikiem wieloletnich, mi\u0119dzynarodowych bada\u0144 por\u00f3wnawczych instytucji uniwersyteckich w Europie. Uniwersytety s\u0105 poddawane pot\u0119\u017cnym presjom zmian, kt\u00f3re z jednej strony s\u0105 zwi\u0105zane z wyzwaniami globalizacji, europeizacji i umasowienia ca\u0142ego szkolnictwa wy\u017cszego, a z drugiej ze zmian\u0105 roli europejskiego pa\u0144stwa dobrobytu. W centrum tych zmian stoi kadra akademicka, kt\u00f3ra od co najmniej dwudziestu lat poddawana jest presjom kolejnych etap\u00f3w reform finansowania i zarz\u0105dzania systemami szkolnictwa wy\u017cszego w Europie.<br \/>\nUniwersytet w dobie przemian analizuje zachodz\u0105ce w Europie i w Polsce zmiany z perspektywy por\u00f3wnawczej w oparciu o niezwykle obszerny materia\u0142 empiryczny. Najwa\u017cniejszym punktem odniesienia s\u0105 w ksi\u0105\u017cce polskie uniwersytety i zmiany w ich funkcjonowaniu zachodz\u0105ce pod wp\u0142ywem presji zewn\u0119trznych i wewn\u0119trznych, w tym presji zwi\u0105zanych z kolejnymi falami reform i zmieniaj\u0105c\u0105 si\u0119 demografi\u0105. Analizie poddaje si\u0119 tu mi\u0119dzy innymi kolegialno\u015b\u0107 akademick\u0105, produktywno\u015b\u0107 naukow\u0105, r\u00f3\u017cnice mi\u0119dzypokoleniowe w podej\u015bciu do r\u00f3\u017cnych r\u00f3l akademickich, umi\u0119dzynarodowienie bada\u0144 naukowych oraz przysz\u0142o\u015b\u0107 m\u0142odej kadry naukowej w coraz bardziej konkurencyjnym \u015brodowisku naukowym w Europie.<\/p><\/blockquote>\n<p>Ch\u0119tni do przeczytania cho\u0107 fragmentu ksi\u0105\u017cki a niech\u0119tni do jej zakupu mog\u0105 <a href=\"http:\/\/www.cpp.amu.edu.pl\/kwiek\/pdf\/Kwiek_2015_PWN_Spis.pdf\" title=\"KwiekPDF\" target=\"_blank\">pobra\u0107 plik PDF ze strony Pana Profesora Kwieka<\/a>. <\/p>\n<div class=\"gsp_post_data\" \r\n\t            data-post_type=\"post\" \r\n\t            data-cat=\"bez-kategorii\" \r\n\t            data-modified=\"120\"\r\n\t            data-created=\"1461487924\"\r\n\t            data-title=\"Uniwersytet w dobie przemian\" \r\n\t            data-home=\"https:\/\/www.zti.il.pw.edu.pl\"><\/div>","protected":false},"excerpt":{"rendered":"<p>Jako g\u0142os w dyskusji dotycz\u0105cej kondycji naszego wydzia\u0142u polecam wszystkim lektur\u0119 ksi\u0105\u017cki Pana Profesora Marka Kwieka Uniwersytet w dobie przemian. Ksi\u0105\u017cka jest wynikiem wieloletnich, mi\u0119dzynarodowych bada\u0144 por\u00f3wnawczych instytucji uniwersyteckich w Europie. Uniwersytety s\u0105 poddawane pot\u0119\u017cnym presjom zmian, kt\u00f3re z jednej strony s\u0105 zwi\u0105zane z wyzwaniami globalizacji, europeizacji i umasowienia ca\u0142ego szkolnictwa wy\u017cszego, a z drugiej &hellip; <\/p>\n<p class=\"link-more\"><a href=\"https:\/\/www.zti.il.pw.edu.pl\/?p=1134\" class=\"more-link\">Czytaj dalej<span class=\"screen-reader-text\"> \u201eUniwersytet w dobie przemian\u201d<\/span><\/a><\/p>\n","protected":false},"author":1,"featured_media":0,"comment_status":"open","ping_status":"open","sticky":false,"template":"","format":"standard","meta":{"footnotes":""},"categories":[1],"tags":[],"class_list":["post-1134","post","type-post","status-publish","format-standard","hentry","category-bez-kategorii"],"_links":{"self":[{"href":"https:\/\/www.zti.il.pw.edu.pl\/index.php?rest_route=\/wp\/v2\/posts\/1134","targetHints":{"allow":["GET"]}}],"collection":[{"href":"https:\/\/www.zti.il.pw.edu.pl\/index.php?rest_route=\/wp\/v2\/posts"}],"about":[{"href":"https:\/\/www.zti.il.pw.edu.pl\/index.php?rest_route=\/wp\/v2\/types\/post"}],"author":[{"embeddable":true,"href":"https:\/\/www.zti.il.pw.edu.pl\/index.php?rest_route=\/wp\/v2\/users\/1"}],"replies":[{"embeddable":true,"href":"https:\/\/www.zti.il.pw.edu.pl\/index.php?rest_route=%2Fwp%2Fv2%2Fcomments&post=1134"}],"version-history":[{"count":5,"href":"https:\/\/www.zti.il.pw.edu.pl\/index.php?rest_route=\/wp\/v2\/posts\/1134\/revisions"}],"predecessor-version":[{"id":1137,"href":"https:\/\/www.zti.il.pw.edu.pl\/index.php?rest_route=\/wp\/v2\/posts\/1134\/revisions\/1137"}],"wp:attachment":[{"href":"https:\/\/www.zti.il.pw.edu.pl\/index.php?rest_route=%2Fwp%2Fv2%2Fmedia&parent=1134"}],"wp:term":[{"taxonomy":"category","embeddable":true,"href":"https:\/\/www.zti.il.pw.edu.pl\/index.php?rest_route=%2Fwp%2Fv2%2Fcategories&post=1134"},{"taxonomy":"post_tag","embeddable":true,"href":"https:\/\/www.zti.il.pw.edu.pl\/index.php?rest_route=%2Fwp%2Fv2%2Ftags&post=1134"}],"curies":[{"name":"wp","href":"https:\/\/api.w.org\/{rel}","templated":true}]}}