{"id":1144,"date":"2016-04-26T09:23:56","date_gmt":"2016-04-26T07:23:56","guid":{"rendered":"http:\/\/www.zti.il.pw.edu.pl\/?p=1144"},"modified":"2016-04-26T09:40:09","modified_gmt":"2016-04-26T07:40:09","slug":"przyszlosc-polskiego-szkolnictwa-wyzszego","status":"publish","type":"post","link":"https:\/\/www.zti.il.pw.edu.pl\/?p=1144","title":{"rendered":"Przysz\u0142o\u015b\u0107 polskiego szkolnictwa wy\u017cszego"},"content":{"rendered":"<p>Kolejne pytanie, kt\u00f3re stawia Pan Profesor Kwiek &#8211; <a href=\"www.cpp.amu.edu.pl\/kwiek\/pdf\/KWIEK_przyszlosc_polskiego_szkolnictwa_wyzszego.pdf\" title=\"Przyszlosc\" target=\"_blank\">Przysz\u0142o\u015b\u0107 polskiego szkolnictwa wy\u017cszego<\/a>. Jaka jest przysz\u0142o\u015b\u0107 naszego wydzia\u0142u i naszej uczelni? Na pewno nie jest r\u00f3\u017cowa, bez wzgl\u0119du na konotacje zwi\u0105zane z tym kolorem. Warto mo\u017ce spr\u00f3bowa\u0107 wsp\u00f3lnie odpowiedzie\u0107 na to pytanie&#8230;<\/p>\n<div class=\"gsp_post_data\" \r\n\t            data-post_type=\"post\" \r\n\t            data-cat=\"bez-kategorii\" \r\n\t            data-modified=\"120\"\r\n\t            data-created=\"1461662636\"\r\n\t            data-title=\"Przysz\u0142o\u015b\u0107 polskiego szkolnictwa wy\u017cszego\" \r\n\t            data-home=\"https:\/\/www.zti.il.pw.edu.pl\"><\/div>","protected":false},"excerpt":{"rendered":"<p>Kolejne pytanie, kt\u00f3re stawia Pan Profesor Kwiek &#8211; Przysz\u0142o\u015b\u0107 polskiego szkolnictwa wy\u017cszego. Jaka jest przysz\u0142o\u015b\u0107 naszego wydzia\u0142u i naszej uczelni? Na pewno nie jest r\u00f3\u017cowa, bez wzgl\u0119du na konotacje zwi\u0105zane z tym kolorem. Warto mo\u017ce spr\u00f3bowa\u0107 wsp\u00f3lnie odpowiedzie\u0107 na to pytanie&#8230;<\/p>\n","protected":false},"author":1,"featured_media":0,"comment_status":"open","ping_status":"open","sticky":false,"template":"","format":"standard","meta":{"footnotes":""},"categories":[1],"tags":[],"class_list":["post-1144","post","type-post","status-publish","format-standard","hentry","category-bez-kategorii"],"_links":{"self":[{"href":"https:\/\/www.zti.il.pw.edu.pl\/index.php?rest_route=\/wp\/v2\/posts\/1144","targetHints":{"allow":["GET"]}}],"collection":[{"href":"https:\/\/www.zti.il.pw.edu.pl\/index.php?rest_route=\/wp\/v2\/posts"}],"about":[{"href":"https:\/\/www.zti.il.pw.edu.pl\/index.php?rest_route=\/wp\/v2\/types\/post"}],"author":[{"embeddable":true,"href":"https:\/\/www.zti.il.pw.edu.pl\/index.php?rest_route=\/wp\/v2\/users\/1"}],"replies":[{"embeddable":true,"href":"https:\/\/www.zti.il.pw.edu.pl\/index.php?rest_route=%2Fwp%2Fv2%2Fcomments&post=1144"}],"version-history":[{"count":4,"href":"https:\/\/www.zti.il.pw.edu.pl\/index.php?rest_route=\/wp\/v2\/posts\/1144\/revisions"}],"predecessor-version":[{"id":1147,"href":"https:\/\/www.zti.il.pw.edu.pl\/index.php?rest_route=\/wp\/v2\/posts\/1144\/revisions\/1147"}],"wp:attachment":[{"href":"https:\/\/www.zti.il.pw.edu.pl\/index.php?rest_route=%2Fwp%2Fv2%2Fmedia&parent=1144"}],"wp:term":[{"taxonomy":"category","embeddable":true,"href":"https:\/\/www.zti.il.pw.edu.pl\/index.php?rest_route=%2Fwp%2Fv2%2Fcategories&post=1144"},{"taxonomy":"post_tag","embeddable":true,"href":"https:\/\/www.zti.il.pw.edu.pl\/index.php?rest_route=%2Fwp%2Fv2%2Ftags&post=1144"}],"curies":[{"name":"wp","href":"https:\/\/api.w.org\/{rel}","templated":true}]}}