{"id":1200,"date":"2016-05-11T11:24:18","date_gmt":"2016-05-11T09:24:18","guid":{"rendered":"http:\/\/www.zti.il.pw.edu.pl\/?p=1200"},"modified":"2016-05-12T11:38:37","modified_gmt":"2016-05-12T09:38:37","slug":"po-miesiacu","status":"publish","type":"post","link":"https:\/\/www.zti.il.pw.edu.pl\/?p=1200","title":{"rendered":"Po miesi\u0105cu&#8230;"},"content":{"rendered":"<p>Po miesi\u0105cu od Jubileuszu Pana Profesora K\u0105czkowskiego na stronie wydzia\u0142owej ukaza\u0142a si\u0119 notatka dotycz\u0105ca <a href=\"http:\/\/www.il.pw.edu.pl\/index.php\/pl\/repozytoria\/wiadomosci-biezace\/792-95-lat-profesora-zbigniewa-k%C4%85czkowskiego\" title=\"Jubileusz\" target=\"_blank\">spotkania doktorant\u00f3w z Jubilatem<\/a>. Zastanawiam si\u0119 g\u0142o\u015bno, ile jeszcze musi up\u0142yn\u0105\u0107 czasu, aby ukaza\u0142a si\u0119 notatka na temat obchod\u00f3w jubileuszu, jakie mia\u0142y miejsce w Gmachu G\u0142\u00f3wnym. Byli na nie zaproszeni niekt\u00f3rzy pracownicy wydzia\u0142u, kt\u00f3rzy mog\u0105 potwierdzi\u0107 to co pisz\u0119, czyli fakt zaistnienia uroczysto\u015bci. Niestety o obchodach milczy tak\u017ce organizator, czyli (podobno?) <a href=\"http:\/\/www.warszawa.ptmts.org.pl\/Wydarzenia.htm\" title=\"PTMTiS\" target=\"_blank\">warszawski oddzia\u0142 PTMTiS<\/a>. Dziwna sprawa, czy\u017c nie? &#8222;<a href=\"http:\/\/lubimyczytac.pl\/cytat\/4537\" title=\"Cytat\" target=\"_blank\">Ten, kto nie szanuje i nie ceni swojej przesz\u0142o\u015bci, ten nie jest godzien szacunku, tera\u017aniejszo\u015bci ani prawa do przysz\u0142o\u015bci&#8230;<\/a>&#8221; No comments&#8230;<br \/>\nPS. Gwoli prawdy historycznej&#8230; <a href=\"http:\/\/zmbizi.il.pw.edu.pl\/index.php\/pl\/home\/110-95-lat-profesora-zbigniew-kczkowskiego\" title=\"ZMBiZI\" target=\"_blank\">ZMBiZI<\/a> tak\u017ce zamie\u015bci\u0142o notatk\u0119 o spotkaniu doktorant\u00f3w z Jubilatem. Kiedy? Trudno to okre\u015bli\u0107 &#8211; nie jest uwidoczniona data wpisu. A ja tam nie zagl\u0105dam&#8230; <\/p>\n<div class=\"gsp_post_data\" \r\n\t            data-post_type=\"post\" \r\n\t            data-cat=\"bez-kategorii\" \r\n\t            data-modified=\"120\"\r\n\t            data-created=\"1462965858\"\r\n\t            data-title=\"Po miesi\u0105cu&#8230;\" \r\n\t            data-home=\"https:\/\/www.zti.il.pw.edu.pl\"><\/div>","protected":false},"excerpt":{"rendered":"<p>Po miesi\u0105cu od Jubileuszu Pana Profesora K\u0105czkowskiego na stronie wydzia\u0142owej ukaza\u0142a si\u0119 notatka dotycz\u0105ca spotkania doktorant\u00f3w z Jubilatem. Zastanawiam si\u0119 g\u0142o\u015bno, ile jeszcze musi up\u0142yn\u0105\u0107 czasu, aby ukaza\u0142a si\u0119 notatka na temat obchod\u00f3w jubileuszu, jakie mia\u0142y miejsce w Gmachu G\u0142\u00f3wnym. Byli na nie zaproszeni niekt\u00f3rzy pracownicy wydzia\u0142u, kt\u00f3rzy mog\u0105 potwierdzi\u0107 to co pisz\u0119, czyli fakt &hellip; <\/p>\n<p class=\"link-more\"><a href=\"https:\/\/www.zti.il.pw.edu.pl\/?p=1200\" class=\"more-link\">Czytaj dalej<span class=\"screen-reader-text\"> \u201ePo miesi\u0105cu&#8230;\u201d<\/span><\/a><\/p>\n","protected":false},"author":1,"featured_media":0,"comment_status":"open","ping_status":"open","sticky":false,"template":"","format":"standard","meta":{"footnotes":""},"categories":[1],"tags":[],"class_list":["post-1200","post","type-post","status-publish","format-standard","hentry","category-bez-kategorii"],"_links":{"self":[{"href":"https:\/\/www.zti.il.pw.edu.pl\/index.php?rest_route=\/wp\/v2\/posts\/1200","targetHints":{"allow":["GET"]}}],"collection":[{"href":"https:\/\/www.zti.il.pw.edu.pl\/index.php?rest_route=\/wp\/v2\/posts"}],"about":[{"href":"https:\/\/www.zti.il.pw.edu.pl\/index.php?rest_route=\/wp\/v2\/types\/post"}],"author":[{"embeddable":true,"href":"https:\/\/www.zti.il.pw.edu.pl\/index.php?rest_route=\/wp\/v2\/users\/1"}],"replies":[{"embeddable":true,"href":"https:\/\/www.zti.il.pw.edu.pl\/index.php?rest_route=%2Fwp%2Fv2%2Fcomments&post=1200"}],"version-history":[{"count":4,"href":"https:\/\/www.zti.il.pw.edu.pl\/index.php?rest_route=\/wp\/v2\/posts\/1200\/revisions"}],"predecessor-version":[{"id":1202,"href":"https:\/\/www.zti.il.pw.edu.pl\/index.php?rest_route=\/wp\/v2\/posts\/1200\/revisions\/1202"}],"wp:attachment":[{"href":"https:\/\/www.zti.il.pw.edu.pl\/index.php?rest_route=%2Fwp%2Fv2%2Fmedia&parent=1200"}],"wp:term":[{"taxonomy":"category","embeddable":true,"href":"https:\/\/www.zti.il.pw.edu.pl\/index.php?rest_route=%2Fwp%2Fv2%2Fcategories&post=1200"},{"taxonomy":"post_tag","embeddable":true,"href":"https:\/\/www.zti.il.pw.edu.pl\/index.php?rest_route=%2Fwp%2Fv2%2Ftags&post=1200"}],"curies":[{"name":"wp","href":"https:\/\/api.w.org\/{rel}","templated":true}]}}