{"id":1249,"date":"2016-05-30T10:36:16","date_gmt":"2016-05-30T08:36:16","guid":{"rendered":"http:\/\/www.zti.il.pw.edu.pl\/?p=1249"},"modified":"2016-05-27T10:48:58","modified_gmt":"2016-05-27T08:48:58","slug":"ludzkim-glosem","status":"publish","type":"post","link":"https:\/\/www.zti.il.pw.edu.pl\/?p=1249","title":{"rendered":"Ludzkim g\u0142osem&#8230;"},"content":{"rendered":"<p>Po tym jak postanowi\u0142em wr\u0119czy\u0107 publicznie Dziekanowi Elektowi ksi\u0105\u017ck\u0119 Profesora Kwieka opinia publiczna spolaryzowa\u0142a si\u0119. Po\u0142owa uwa\u017ca\u0142a, \u017ce jeszcze nie zacz\u0119\u0142a si\u0119 nowa kadencja a ja ju\u017c wyz\u0142o\u015bliwiam si\u0119 nad w\u0142adz\u0105. Druga uwa\u017ca\u0142a, \u017ce jeszcze nie zacz\u0119\u0142a si\u0119 nowa kadencja a ja ju\u017c rozpoczynam wazeliniarstwo. Wyja\u015bni\u0142em, \u017ce ani ani&#8230; Ksi\u0105\u017ck\u0119 uwa\u017cam za bardzo warto\u015bciow\u0105, a kto jak nie przysz\u0142y Dziekan powinien dba\u0107 o losy wydzia\u0142u w tak ciekawych czasach. S\u0105dz\u0119, \u017ce godzina moich film\u00f3w wywo\u0142a podobna polaryzacj\u0119. Po\u0142owa stwierdzi, \u017ce usi\u0142uj\u0119 narzuci\u0107 wi\u0119kszo\u015bci wydzia\u0142u swoje pomys\u0142y. Druga, \u017ce wywy\u017cszam si\u0119 i pokazuj\u0119, jaki to ja niby jestem m\u0105dry. Znowu ani ani&#8230; Gdybym chcia\u0142 za wszelk\u0105 cen\u0119 realizacji mojego pomys\u0142u zacz\u0105\u0142bym od rozm\u00f3w na ten temat z w\u0142adzami. Gdybym chcia\u0142 si\u0119 m\u0105drzy\u0107 i wywy\u017csza\u0107 nie pokazywa\u0142bym jak to si\u0119 robi &#8211; trac\u0119 przecie\u017c t\u0119 &#8222;unikatow\u0105 wiedz\u0119&#8221;, czy\u017c nie? Dosz\u0142y do mnie informacje, \u017ce prawie nikt nie korzysta z modu\u0142u sprawdziany, co utrudnia Studentom \u017cycie. Tylko tyle i a\u017c tyle&#8230;<br \/>\nMoim zdaniem mo\u017cemy jako wydzia\u0142 opracowa\u0107 kolejn\u0105 jeszcze lepsza wersj\u0119 ksi\u0119go jako\u015bci kszta\u0142cenia, oprawi\u0107 j\u0105 i&#8230; Student\u00f3w, kt\u00f3rych mamy coraz mniej i kt\u00f3rzy coraz mniej ch\u0119tnie wybieraj\u0105 nasz wydzia\u0142 ma\u0142o to obchodzi! Student\u00f3w interesuje jako\u015b\u0107 Studiowania. A dost\u0119pno\u015b\u0107 do ocen, kt\u00f3r\u0105 umo\u017cliwia system USOS to w\u0142a\u015bnie jeden z element\u00f3w tej jako\u015bci studiowania. <\/p>\n<div class=\"gsp_post_data\" \r\n\t            data-post_type=\"post\" \r\n\t            data-cat=\"bez-kategorii\" \r\n\t            data-modified=\"120\"\r\n\t            data-created=\"1464604576\"\r\n\t            data-title=\"Ludzkim g\u0142osem&#8230;\" \r\n\t            data-home=\"https:\/\/www.zti.il.pw.edu.pl\"><\/div>","protected":false},"excerpt":{"rendered":"<p>Po tym jak postanowi\u0142em wr\u0119czy\u0107 publicznie Dziekanowi Elektowi ksi\u0105\u017ck\u0119 Profesora Kwieka opinia publiczna spolaryzowa\u0142a si\u0119. Po\u0142owa uwa\u017ca\u0142a, \u017ce jeszcze nie zacz\u0119\u0142a si\u0119 nowa kadencja a ja ju\u017c wyz\u0142o\u015bliwiam si\u0119 nad w\u0142adz\u0105. Druga uwa\u017ca\u0142a, \u017ce jeszcze nie zacz\u0119\u0142a si\u0119 nowa kadencja a ja ju\u017c rozpoczynam wazeliniarstwo. Wyja\u015bni\u0142em, \u017ce ani ani&#8230; Ksi\u0105\u017ck\u0119 uwa\u017cam za bardzo warto\u015bciow\u0105, a &hellip; <\/p>\n<p class=\"link-more\"><a href=\"https:\/\/www.zti.il.pw.edu.pl\/?p=1249\" class=\"more-link\">Czytaj dalej<span class=\"screen-reader-text\"> \u201eLudzkim g\u0142osem&#8230;\u201d<\/span><\/a><\/p>\n","protected":false},"author":1,"featured_media":0,"comment_status":"open","ping_status":"open","sticky":false,"template":"","format":"standard","meta":{"footnotes":""},"categories":[1],"tags":[],"class_list":["post-1249","post","type-post","status-publish","format-standard","hentry","category-bez-kategorii"],"_links":{"self":[{"href":"https:\/\/www.zti.il.pw.edu.pl\/index.php?rest_route=\/wp\/v2\/posts\/1249","targetHints":{"allow":["GET"]}}],"collection":[{"href":"https:\/\/www.zti.il.pw.edu.pl\/index.php?rest_route=\/wp\/v2\/posts"}],"about":[{"href":"https:\/\/www.zti.il.pw.edu.pl\/index.php?rest_route=\/wp\/v2\/types\/post"}],"author":[{"embeddable":true,"href":"https:\/\/www.zti.il.pw.edu.pl\/index.php?rest_route=\/wp\/v2\/users\/1"}],"replies":[{"embeddable":true,"href":"https:\/\/www.zti.il.pw.edu.pl\/index.php?rest_route=%2Fwp%2Fv2%2Fcomments&post=1249"}],"version-history":[{"count":2,"href":"https:\/\/www.zti.il.pw.edu.pl\/index.php?rest_route=\/wp\/v2\/posts\/1249\/revisions"}],"predecessor-version":[{"id":1251,"href":"https:\/\/www.zti.il.pw.edu.pl\/index.php?rest_route=\/wp\/v2\/posts\/1249\/revisions\/1251"}],"wp:attachment":[{"href":"https:\/\/www.zti.il.pw.edu.pl\/index.php?rest_route=%2Fwp%2Fv2%2Fmedia&parent=1249"}],"wp:term":[{"taxonomy":"category","embeddable":true,"href":"https:\/\/www.zti.il.pw.edu.pl\/index.php?rest_route=%2Fwp%2Fv2%2Fcategories&post=1249"},{"taxonomy":"post_tag","embeddable":true,"href":"https:\/\/www.zti.il.pw.edu.pl\/index.php?rest_route=%2Fwp%2Fv2%2Ftags&post=1249"}],"curies":[{"name":"wp","href":"https:\/\/api.w.org\/{rel}","templated":true}]}}