{"id":1263,"date":"2016-06-03T06:49:14","date_gmt":"2016-06-03T04:49:14","guid":{"rendered":"http:\/\/www.zti.il.pw.edu.pl\/?p=1263"},"modified":"2016-06-03T08:03:14","modified_gmt":"2016-06-03T06:03:14","slug":"czy-swiat-oszalal","status":"publish","type":"post","link":"https:\/\/www.zti.il.pw.edu.pl\/?p=1263","title":{"rendered":"Czy  \u015awiat oszala\u0142?"},"content":{"rendered":"<p>Tytu\u0142 wpisu jest zapo\u017cyczony z artyku\u0142u Pani Magdy Dzia\u0142oszy\u0144skiej &#8211; <a href=\"http:\/\/wyborcza.pl\/magazyn\/1,152665,20144046,ameryka-glosuje-srodkowym-palcem.html\" title=\"USA\" target=\"_blank\">Ameryka g\u0142osuje \u015brodkowym palcem<\/a>. Szkoda, \u017ce nie jest on dost\u0119pny w ca\u0142o\u015bci. Zdaniem Autorki, kt\u00f3re w pe\u0142ni podzielam, Stany s\u0105 antyinteligenckie. Zacytuj\u0119 jedno zdanie: &#8222;w ameryka\u0144skim systemie warto\u015bci cenna jest inteligencja umo\u017cliwiaj\u0105ca zrozumienie jak, a intelekt z uporem pytaj\u0105cy dlaczego nie cieszy si\u0119 a\u017c tak\u0105 estym\u0105. Dzia\u0142alno\u015b\u0107 intelektualna jest do przyj\u0119cia, je\u015bli mo\u017ce by\u0107 przydatna. Kiedy odbywa si\u0119 nie wiadomo po co, staje si\u0119 podejrzana, potencjalnie wywrotowa i niebezpieczna.&#8221; Czy\u017c nie pod\u0105\u017camy w\u0142a\u015bnie t\u0105 ameryka\u0144sk\u0105 drog\u0105&#8230; donik\u0105d? Znowu podepr\u0119 si\u0119 klasykiem &#8211; takie b\u0119d\u0105 rzeczypospolite jakie ich m\u0142odzie\u017cy chowanie. Tym razem b\u0119dzie bez linku. Kto to powiedzia\u0142?<br \/>\nO zarobkach na uczelniach jest multum materia\u0142\u00f3w. Wierz\u0119, \u017ce <a href=\"http:\/\/finanse.wp.pl\/kat,1013819,title,Pracuje-34-lata-na-panstwowej-uczelni-zarabiam-36-tys-zl,wid,16097986,wiadomosc.html?ticaid=1171e2\" title=\"3600\" target=\"_blank\">po 34 latach mo\u017cna zarabia\u0107 3600<\/a>! Nijak mnie nie dziwi, \u017ce <a href=\"http:\/\/www.dzienmezczyzny.pl\/coraz-mniej-nauczycieli-akademickich\/\" title=\"Coraz mniej...\" target=\"_blank\">mamy coraz mniej nauczycieli akademickich<\/a>. Starzy umieraj\u0105, a nast\u0119pc\u00f3w nie wida\u0107. <a href=\"http:\/\/naukawpolsce.pap.pl\/aktualnosci\/news,409768,od-2013-r-liczba-nauczycieli-akademickich-spadla-o-ok-13-proc.html\" title=\"13%\" target=\"_blank\">Od 2013 liczba nauczycieli akademickich spad\u0142a o 13%<\/a>. Kiedy zamkniemy ostatni\u0105 uczelni\u0119?<br \/>\nI jeszcze co\u015b dla tych, co zastanawiaj\u0105 si\u0119, czy nie jestem kryptokomuchem i czy nie chc\u0119 powrotu PRL. Oczywi\u015bcie prowokacyjnie. ZUS na swojej stronie publikuje <a href=\"http:\/\/www.zus.pl\/default.asp?p=4&#038;id=3381\" title=\"ZUS\" target=\"_blank\">Przeci\u0119tne wynagrodzenie w latach 1950-2015<\/a>. W 1978 wynosi\u0142o ono 4887 a w 2015 3899. Gonimy p\u00f3\u017any PRL, ale mam nadziej\u0119, \u017ce nigdy nie dogonimy, bo u schy\u0142ku czyli w 1989 by\u0142o to ponad 200 tysi\u0119cy&#8230; W 1978 asystent zarabia\u0142 3200\/4887 czyli 66% \u015bredniej a habilitowany adiunkt 6600\/4887 czyli 135%. Tak by\u0142o w pa\u0144stwie robotniczo ch\u0142opskim, gdzie tak zwana inteligencja pracuj\u0105ca nie by\u0142a pupilkiem naszego szarego domu. A jak to wygl\u0105da dzi\u015b? Asystent na dole drabinki zarabia 2450\/3899 czyli 63% \u015bredniej a adiunkt z habilitacj\u0105 4305\/3899 czyli 110% \u015bredniej krajowej. Ciekawe&#8230; Czy\u017cby wolnorynkowy liberalny kapitalizm by\u0142 bardziej egalitarny ni\u017c PRL? W PRL stosunek pensji habilitowanego adiunkta i asystenta wynosi\u0142 6600\/3200=2.1 a dzi\u015b 4305\/2450 czyli 1.75. Doktoryzuj si\u0119, habilituj a na pewno b\u0119dziesz mia\u0142&#8230; olbrzymi\u0105 satysfakcj\u0119.<br \/>\nJakby kogo\u015b interesowa\u0142o, jak s\u0105 op\u0142acani naukowcy w innych krajach Europy polecam statystyki opracowane przez <a href=\"http:\/\/www.eui.eu\/ProgrammesAndFellowships\/AcademicCareersObservatory\/CareerComparisons\/SalaryComparisons.aspx\" title=\"SalariesEU\" target=\"_blank\">European University Institute<\/a>. Zestawienie Salaries adjusted to the cost of living pokazuje, \u017ce jak mo\u017cna by\u0142o przypuszcza\u0107 jeste\u015bmy na samym ko\u0144cu stawki. Oczywi\u015bcie to w\u0142a\u015bnie skutek&#8230; 45 lat PRL. Jak wygl\u0105daj\u0105 \u015brednie europejskie pensje pokazuje <a href=\"https:\/\/www.reinisfischer.com\/average-salary-european-union-2015\" title=\"EU\" target=\"_blank\">Reinis Fisher<\/a>. Ciekawskim \u017cycz\u0119 udanych analiz. B\u0119dzie jak w tym dowcipie o klepaniu samochodu przywiezionego z Niemiec na lawecie. Blacharz t\u0142umaczy &#8211; Panie, robimy co mo\u017cemy ale ci\u0105gle wychodzi nam wiata przystankowa&#8230; Polska \u015brednia miesi\u0119czna pensja to 704\u20ac co daje rocznie 8448\u20ac. \u015arednia pensja naukowca to 11659\u20ac czyli 1.4 \u015bredniej. Jak to jest w takich krajach, kt\u00f3re znam, czyli Belgii, Holandii czy te\u017c Niemczech? Roczna pensja na uczelni to 58000\u20ac. Miesi\u0119czne \u015brednie p\u0142ace to 2100\u20ac co daje rocznie 25200\u20ac. Oznacza to, \u017ce p\u0142aca na uczelni to 2.3 \u015bredniej.  C\u00f3\u017c&#8230; W Europie jednak bardziej si\u0119 docenia pracownik\u00f3w uczelni&#8230; U nas ka\u017cdy chcia\u0142by zarabia\u0107 powy\u017cej \u015bredniej!<\/p>\n<div class=\"gsp_post_data\" \r\n\t            data-post_type=\"post\" \r\n\t            data-cat=\"bez-kategorii\" \r\n\t            data-modified=\"120\"\r\n\t            data-created=\"1464936554\"\r\n\t            data-title=\"Czy  \u015awiat oszala\u0142?\" \r\n\t            data-home=\"https:\/\/www.zti.il.pw.edu.pl\"><\/div>","protected":false},"excerpt":{"rendered":"<p>Tytu\u0142 wpisu jest zapo\u017cyczony z artyku\u0142u Pani Magdy Dzia\u0142oszy\u0144skiej &#8211; Ameryka g\u0142osuje \u015brodkowym palcem. Szkoda, \u017ce nie jest on dost\u0119pny w ca\u0142o\u015bci. Zdaniem Autorki, kt\u00f3re w pe\u0142ni podzielam, Stany s\u0105 antyinteligenckie. Zacytuj\u0119 jedno zdanie: &#8222;w ameryka\u0144skim systemie warto\u015bci cenna jest inteligencja umo\u017cliwiaj\u0105ca zrozumienie jak, a intelekt z uporem pytaj\u0105cy dlaczego nie cieszy si\u0119 a\u017c tak\u0105 &hellip; <\/p>\n<p class=\"link-more\"><a href=\"https:\/\/www.zti.il.pw.edu.pl\/?p=1263\" class=\"more-link\">Czytaj dalej<span class=\"screen-reader-text\"> \u201eCzy  \u015awiat oszala\u0142?\u201d<\/span><\/a><\/p>\n","protected":false},"author":1,"featured_media":0,"comment_status":"open","ping_status":"open","sticky":false,"template":"","format":"standard","meta":{"footnotes":""},"categories":[1],"tags":[],"class_list":["post-1263","post","type-post","status-publish","format-standard","hentry","category-bez-kategorii"],"_links":{"self":[{"href":"https:\/\/www.zti.il.pw.edu.pl\/index.php?rest_route=\/wp\/v2\/posts\/1263","targetHints":{"allow":["GET"]}}],"collection":[{"href":"https:\/\/www.zti.il.pw.edu.pl\/index.php?rest_route=\/wp\/v2\/posts"}],"about":[{"href":"https:\/\/www.zti.il.pw.edu.pl\/index.php?rest_route=\/wp\/v2\/types\/post"}],"author":[{"embeddable":true,"href":"https:\/\/www.zti.il.pw.edu.pl\/index.php?rest_route=\/wp\/v2\/users\/1"}],"replies":[{"embeddable":true,"href":"https:\/\/www.zti.il.pw.edu.pl\/index.php?rest_route=%2Fwp%2Fv2%2Fcomments&post=1263"}],"version-history":[{"count":9,"href":"https:\/\/www.zti.il.pw.edu.pl\/index.php?rest_route=\/wp\/v2\/posts\/1263\/revisions"}],"predecessor-version":[{"id":1272,"href":"https:\/\/www.zti.il.pw.edu.pl\/index.php?rest_route=\/wp\/v2\/posts\/1263\/revisions\/1272"}],"wp:attachment":[{"href":"https:\/\/www.zti.il.pw.edu.pl\/index.php?rest_route=%2Fwp%2Fv2%2Fmedia&parent=1263"}],"wp:term":[{"taxonomy":"category","embeddable":true,"href":"https:\/\/www.zti.il.pw.edu.pl\/index.php?rest_route=%2Fwp%2Fv2%2Fcategories&post=1263"},{"taxonomy":"post_tag","embeddable":true,"href":"https:\/\/www.zti.il.pw.edu.pl\/index.php?rest_route=%2Fwp%2Fv2%2Ftags&post=1263"}],"curies":[{"name":"wp","href":"https:\/\/api.w.org\/{rel}","templated":true}]}}