{"id":1273,"date":"2016-06-04T07:25:05","date_gmt":"2016-06-04T05:25:05","guid":{"rendered":"http:\/\/www.zti.il.pw.edu.pl\/?p=1273"},"modified":"2016-06-04T07:27:04","modified_gmt":"2016-06-04T05:27:04","slug":"czy-bedzie-rewolucja","status":"publish","type":"post","link":"https:\/\/www.zti.il.pw.edu.pl\/?p=1273","title":{"rendered":"Czy b\u0119dzie rewolucja?"},"content":{"rendered":"<p>Gdy zacz\u0105\u0142em na wydziale propagowa\u0107 ksi\u0105\u017ck\u0119 Pana Profesora Kwieka nie przypuszcza\u0142em, \u017ce mam a\u017c tak dobrego nosa i \u017ce w kontek\u015bcie zmian w szkolnictwie wy\u017cszym b\u0119dzie to strza\u0142 w dziesi\u0105tk\u0119. Gazeta wieszczy <a href=\"http:\/\/wyborcza.pl\/1,75398,20181114,koniec-republiki-uczonych-trzy-zwycieskie-projekty-zalozen.html#BoxGWImg\" title=\"Gazeta\" target=\"_blank\">Koniec republiki uczonych<\/a>. Tytu\u0142 jak tytu\u0142&#8230; Swoj\u0105 sensacyjno\u015bci\u0105 ma zach\u0119ci\u0107 do lektury. W \u015brodku jest wi\u0119cej szczeg\u00f3\u0142\u00f3w, co proponuje \u015brodowiskom akademickim Zesp\u00f3\u0142 Profesora Kwieka. Wed\u0142ug niego:<br \/>\nnowa ustawa powinna:<\/p>\n<blockquote><p>&#8211; odchodzi\u0107 od kolegialnego modelu zarz\u0105dzania w stron\u0119 modelu mened\u017cerskiego (&#8222;Takiej republiki uczonych jak w Polsce nigdzie w Europie ju\u017c nie ma. Nie przes\u0105dzamy jednak, \u017ce rektorami musz\u0105 by\u0107 zawodowi mened\u017cerowie&#8221;),<br \/>\n&#8211; zast\u0105pi\u0107 wybory w\u0142adz uczelni konkursami,<br \/>\n&#8211; wprowadzi\u0107 trzy typy uczelni: badawcze, badawczo-dydaktyczne i dydaktyczne,<br \/>\n&#8211; wprowadzi\u0107 podzia\u0142 na studia akademickie i praktyczne, a studia akademickie ograniczy\u0107 do niekt\u00f3rych typ\u00f3w uczelni,<br \/>\n&#8211; ograniczy\u0107 liczb\u0119 jednostek z prawem do nadawania doktoratu i habilitacji,<br \/>\n&#8211; znie\u015b\u0107 obowi\u0105zek habilitowania si\u0119 na uczelniach dydaktycznych,<br \/>\n&#8211; \u015bci\u015ble powi\u0105za\u0107 finansowanie z ocen\u0105 wydzia\u0142\u00f3w i innych jednostek,<br \/>\n&#8211; zapewni\u0107 kadrze zatrudnienie tylko na czas nieokre\u015blony przy rzetelnych ocenach okresowych,<br \/>\n&#8211; zapewni\u0107 wszystkim doktorantom stypendia, ale zmniejszy\u0107 ich liczb\u0119,<\/p><\/blockquote>\n<div class=\"gsp_post_data\" \r\n\t            data-post_type=\"post\" \r\n\t            data-cat=\"bez-kategorii\" \r\n\t            data-modified=\"120\"\r\n\t            data-created=\"1465025105\"\r\n\t            data-title=\"Czy b\u0119dzie rewolucja?\" \r\n\t            data-home=\"https:\/\/www.zti.il.pw.edu.pl\"><\/div>","protected":false},"excerpt":{"rendered":"<p>Gdy zacz\u0105\u0142em na wydziale propagowa\u0107 ksi\u0105\u017ck\u0119 Pana Profesora Kwieka nie przypuszcza\u0142em, \u017ce mam a\u017c tak dobrego nosa i \u017ce w kontek\u015bcie zmian w szkolnictwie wy\u017cszym b\u0119dzie to strza\u0142 w dziesi\u0105tk\u0119. Gazeta wieszczy Koniec republiki uczonych. Tytu\u0142 jak tytu\u0142&#8230; Swoj\u0105 sensacyjno\u015bci\u0105 ma zach\u0119ci\u0107 do lektury. W \u015brodku jest wi\u0119cej szczeg\u00f3\u0142\u00f3w, co proponuje \u015brodowiskom akademickim Zesp\u00f3\u0142 Profesora &hellip; <\/p>\n<p class=\"link-more\"><a href=\"https:\/\/www.zti.il.pw.edu.pl\/?p=1273\" class=\"more-link\">Czytaj dalej<span class=\"screen-reader-text\"> \u201eCzy b\u0119dzie rewolucja?\u201d<\/span><\/a><\/p>\n","protected":false},"author":1,"featured_media":0,"comment_status":"open","ping_status":"open","sticky":false,"template":"","format":"standard","meta":{"footnotes":""},"categories":[1],"tags":[],"class_list":["post-1273","post","type-post","status-publish","format-standard","hentry","category-bez-kategorii"],"_links":{"self":[{"href":"https:\/\/www.zti.il.pw.edu.pl\/index.php?rest_route=\/wp\/v2\/posts\/1273","targetHints":{"allow":["GET"]}}],"collection":[{"href":"https:\/\/www.zti.il.pw.edu.pl\/index.php?rest_route=\/wp\/v2\/posts"}],"about":[{"href":"https:\/\/www.zti.il.pw.edu.pl\/index.php?rest_route=\/wp\/v2\/types\/post"}],"author":[{"embeddable":true,"href":"https:\/\/www.zti.il.pw.edu.pl\/index.php?rest_route=\/wp\/v2\/users\/1"}],"replies":[{"embeddable":true,"href":"https:\/\/www.zti.il.pw.edu.pl\/index.php?rest_route=%2Fwp%2Fv2%2Fcomments&post=1273"}],"version-history":[{"count":3,"href":"https:\/\/www.zti.il.pw.edu.pl\/index.php?rest_route=\/wp\/v2\/posts\/1273\/revisions"}],"predecessor-version":[{"id":1275,"href":"https:\/\/www.zti.il.pw.edu.pl\/index.php?rest_route=\/wp\/v2\/posts\/1273\/revisions\/1275"}],"wp:attachment":[{"href":"https:\/\/www.zti.il.pw.edu.pl\/index.php?rest_route=%2Fwp%2Fv2%2Fmedia&parent=1273"}],"wp:term":[{"taxonomy":"category","embeddable":true,"href":"https:\/\/www.zti.il.pw.edu.pl\/index.php?rest_route=%2Fwp%2Fv2%2Fcategories&post=1273"},{"taxonomy":"post_tag","embeddable":true,"href":"https:\/\/www.zti.il.pw.edu.pl\/index.php?rest_route=%2Fwp%2Fv2%2Ftags&post=1273"}],"curies":[{"name":"wp","href":"https:\/\/api.w.org\/{rel}","templated":true}]}}