{"id":2548,"date":"2018-05-27T05:59:16","date_gmt":"2018-05-27T03:59:16","guid":{"rendered":"http:\/\/www.zti.il.pw.edu.pl\/?p=2548"},"modified":"2018-05-30T09:14:13","modified_gmt":"2018-05-30T07:14:13","slug":"bedziemy-komisja-senacka","status":"publish","type":"post","link":"https:\/\/www.zti.il.pw.edu.pl\/?p=2548","title":{"rendered":"B\u0119dziemy Komisj\u0105 Senack\u0105&#8230;"},"content":{"rendered":"<p>Niestety (dla mnie i kogo jeszcze?) ogl\u0105da\u0142em transmisj\u0119 z obrad komisji sejmowej. Niestety, bo mniej wi\u0119cej a bardziej wi\u0119cej wiem, co b\u0119dzie&#8230; Nasz JMR powiedzia\u0142<a href=\"http:\/\/www.zti.il.pw.edu.pl\/wp-content\/uploads\/2018\/05\/9min.mp3\"> : <\/a><\/p>\n<blockquote><p>\nU mnie na przyk\u0142ad tak b\u0119dzie, bo ja ju\u017c tak\u0105 decyzj\u0119 podj\u0105\u0142em wraz z Senatem, podj\u0119li\u015bmy tak\u0105 decyzj\u0119. Zostawiamy Rady Wydzia\u0142\u00f3w. Mam trzyna\u015bcie wydzia\u0142\u00f3w na dwadzie\u015bcia, kt\u00f3re s\u0105 mono-dyscyplinarne. Te Rady Wydzia\u0142\u00f3w b\u0119d\u0105 Komisjami Senackimi, kt\u00f3re b\u0119d\u0105 realizowa\u0142y to, co realizuj\u0105 do tej pory, bo po co psu\u0107 co\u015b, co dobrze dzia\u0142a.\n<\/p><\/blockquote>\n<div class=\"gsp_post_data\" \r\n\t            data-post_type=\"post\" \r\n\t            data-cat=\"bez-kategorii\" \r\n\t            data-modified=\"120\"\r\n\t            data-created=\"1527400756\"\r\n\t            data-title=\"B\u0119dziemy Komisj\u0105 Senack\u0105&#8230;\" \r\n\t            data-home=\"https:\/\/www.zti.il.pw.edu.pl\"><\/div>","protected":false},"excerpt":{"rendered":"<p>Niestety (dla mnie i kogo jeszcze?) ogl\u0105da\u0142em transmisj\u0119 z obrad komisji sejmowej. Niestety, bo mniej wi\u0119cej a bardziej wi\u0119cej wiem, co b\u0119dzie&#8230; Nasz JMR powiedzia\u0142 : U mnie na przyk\u0142ad tak b\u0119dzie, bo ja ju\u017c tak\u0105 decyzj\u0119 podj\u0105\u0142em wraz z Senatem, podj\u0119li\u015bmy tak\u0105 decyzj\u0119. Zostawiamy Rady Wydzia\u0142\u00f3w. Mam trzyna\u015bcie wydzia\u0142\u00f3w na dwadzie\u015bcia, kt\u00f3re s\u0105 mono-dyscyplinarne. &hellip; <\/p>\n<p class=\"link-more\"><a href=\"https:\/\/www.zti.il.pw.edu.pl\/?p=2548\" class=\"more-link\">Czytaj dalej<span class=\"screen-reader-text\"> \u201eB\u0119dziemy Komisj\u0105 Senack\u0105&#8230;\u201d<\/span><\/a><\/p>\n","protected":false},"author":1,"featured_media":0,"comment_status":"open","ping_status":"open","sticky":false,"template":"","format":"standard","meta":{"footnotes":""},"categories":[1],"tags":[],"class_list":["post-2548","post","type-post","status-publish","format-standard","hentry","category-bez-kategorii"],"_links":{"self":[{"href":"https:\/\/www.zti.il.pw.edu.pl\/index.php?rest_route=\/wp\/v2\/posts\/2548","targetHints":{"allow":["GET"]}}],"collection":[{"href":"https:\/\/www.zti.il.pw.edu.pl\/index.php?rest_route=\/wp\/v2\/posts"}],"about":[{"href":"https:\/\/www.zti.il.pw.edu.pl\/index.php?rest_route=\/wp\/v2\/types\/post"}],"author":[{"embeddable":true,"href":"https:\/\/www.zti.il.pw.edu.pl\/index.php?rest_route=\/wp\/v2\/users\/1"}],"replies":[{"embeddable":true,"href":"https:\/\/www.zti.il.pw.edu.pl\/index.php?rest_route=%2Fwp%2Fv2%2Fcomments&post=2548"}],"version-history":[{"count":10,"href":"https:\/\/www.zti.il.pw.edu.pl\/index.php?rest_route=\/wp\/v2\/posts\/2548\/revisions"}],"predecessor-version":[{"id":2597,"href":"https:\/\/www.zti.il.pw.edu.pl\/index.php?rest_route=\/wp\/v2\/posts\/2548\/revisions\/2597"}],"wp:attachment":[{"href":"https:\/\/www.zti.il.pw.edu.pl\/index.php?rest_route=%2Fwp%2Fv2%2Fmedia&parent=2548"}],"wp:term":[{"taxonomy":"category","embeddable":true,"href":"https:\/\/www.zti.il.pw.edu.pl\/index.php?rest_route=%2Fwp%2Fv2%2Fcategories&post=2548"},{"taxonomy":"post_tag","embeddable":true,"href":"https:\/\/www.zti.il.pw.edu.pl\/index.php?rest_route=%2Fwp%2Fv2%2Ftags&post=2548"}],"curies":[{"name":"wp","href":"https:\/\/api.w.org\/{rel}","templated":true}]}}