{"id":4980,"date":"2020-09-18T06:47:58","date_gmt":"2020-09-18T04:47:58","guid":{"rendered":"http:\/\/www.zti.il.pw.edu.pl\/?p=4980"},"modified":"2020-09-18T07:46:44","modified_gmt":"2020-09-18T05:46:44","slug":"metoda","status":"publish","type":"post","link":"https:\/\/www.zti.il.pw.edu.pl\/?p=4980","title":{"rendered":"Metoda&#8230;"},"content":{"rendered":"\n<figure class=\"wp-block-image size-large\"><img decoding=\"async\" src=\"https:\/\/pbs.twimg.com\/media\/EiHG_NJXYAA6b2f?format=jpg&amp;name=large\" alt=\"\"\/><\/figure>\n\n\n\n<figure class=\"wp-block-image size-large\"><img decoding=\"async\" src=\"https:\/\/static.im-g.pl\/im\/9\/26311\/m26311549,WTEST.png\" alt=\"\"\/><\/figure>\n\n\n\n<p>Chyba kurczaczek i kalarepka czytaj\u0105 tam na g\u00f3rze to nadaj\u0119 z &#8222;biurka kierownika&#8221;. Wiele razy pisa\u0142em o najprostszej metodzie poprawienia statystyk COVID i rz\u0105d w\u0142a\u015bnie to robi. Najbardziej mnie jednak bawi pewna histeryczna zmienno\u015b\u0107 stanowisk i zezna\u0144. We wrze\u015bniu moje ukochane ministerstwo wyda\u0142o dokument <strong><a rel=\"noreferrer noopener\" href=\"https:\/\/studia.gov.pl\/aktualnosci\/organizacja-ksztalcenia-w-nowym-roku-akademickim-rekomendacje-dla-wladz-uczelni\/?utm_source=Ministerstwo+Nauki+i+Szkolnictwa+Wy%C5%BCszego&amp;utm_medium=biuletyn%40nauka.gov.pl&amp;utm_campaign=Biuletyn+MNiSW%2C+24+lipca+2020+r.\" target=\"_blank\">Organizacja kszta\u0142cenia w nowym roku akademickim. Rekomendacje dla w\u0142adz uczelni<\/a><\/strong>. Czytamy tam <strong><a rel=\"noreferrer noopener\" href=\"https:\/\/www.gov.pl\/attachment\/571749a4-bba8-4293-a348-2eb125d0b02e\" target=\"_blank\">w pliku PDF<\/a><\/strong> co nast\u0119puje:  <em>Zalecanym sposobem organizacji kszta\u0142cenia jest model mieszany, w kt\u00f3rym du\u017ca cz\u0119\u015b\u0107 zaj\u0119\u0107 wyk\u0142adowych, konwersatoryjnych i seminaryjnych, a tak\u017ce niekt\u00f3re zaj\u0119cia \u0107wiczeniowe i projektowe, odbywaj\u0105 si\u0119 z wykorzystaniem metod i technik kszta\u0142cenia na odleg\u0142o\u015b\u0107<\/em>. Kilka dni p\u00f3\u017aniej Pan Minister pewnikiem odebra\u0142 telefon od Bardzo Wa\u017cnej Osoby i zmieni\u0142 zdanie&#8230; <em>Zalecamy powr\u00f3t do form nauczania sprzed pandemii. Nie wyobra\u017cam sobie, by nauczania online mia\u0142o by\u0107 nauczaniem dominuj\u0105cym<\/em>. Ile zmian zaliczymy do 1 pa\u017adziernika? <\/p>\n\n\n\n<p><\/p>\n\n\n\n<p><\/p>\n<div class=\"gsp_post_data\" \r\n\t            data-post_type=\"post\" \r\n\t            data-cat=\"bez-kategorii\" \r\n\t            data-modified=\"120\"\r\n\t            data-created=\"1600411678\"\r\n\t            data-title=\"Metoda&#8230;\" \r\n\t            data-home=\"https:\/\/www.zti.il.pw.edu.pl\"><\/div>","protected":false},"excerpt":{"rendered":"<p>Chyba kurczaczek i kalarepka czytaj\u0105 tam na g\u00f3rze to nadaj\u0119 z &#8222;biurka kierownika&#8221;. Wiele razy pisa\u0142em o najprostszej metodzie poprawienia statystyk COVID i rz\u0105d w\u0142a\u015bnie to robi. Najbardziej mnie jednak bawi pewna histeryczna zmienno\u015b\u0107 stanowisk i zezna\u0144. We wrze\u015bniu moje ukochane ministerstwo wyda\u0142o dokument Organizacja kszta\u0142cenia w nowym roku akademickim. Rekomendacje dla w\u0142adz uczelni. Czytamy &hellip; <\/p>\n<p class=\"link-more\"><a href=\"https:\/\/www.zti.il.pw.edu.pl\/?p=4980\" class=\"more-link\">Czytaj dalej<span class=\"screen-reader-text\"> \u201eMetoda&#8230;\u201d<\/span><\/a><\/p>\n","protected":false},"author":1,"featured_media":0,"comment_status":"open","ping_status":"open","sticky":false,"template":"","format":"standard","meta":{"footnotes":""},"categories":[1],"tags":[],"class_list":["post-4980","post","type-post","status-publish","format-standard","hentry","category-bez-kategorii"],"_links":{"self":[{"href":"https:\/\/www.zti.il.pw.edu.pl\/index.php?rest_route=\/wp\/v2\/posts\/4980","targetHints":{"allow":["GET"]}}],"collection":[{"href":"https:\/\/www.zti.il.pw.edu.pl\/index.php?rest_route=\/wp\/v2\/posts"}],"about":[{"href":"https:\/\/www.zti.il.pw.edu.pl\/index.php?rest_route=\/wp\/v2\/types\/post"}],"author":[{"embeddable":true,"href":"https:\/\/www.zti.il.pw.edu.pl\/index.php?rest_route=\/wp\/v2\/users\/1"}],"replies":[{"embeddable":true,"href":"https:\/\/www.zti.il.pw.edu.pl\/index.php?rest_route=%2Fwp%2Fv2%2Fcomments&post=4980"}],"version-history":[{"count":4,"href":"https:\/\/www.zti.il.pw.edu.pl\/index.php?rest_route=\/wp\/v2\/posts\/4980\/revisions"}],"predecessor-version":[{"id":4988,"href":"https:\/\/www.zti.il.pw.edu.pl\/index.php?rest_route=\/wp\/v2\/posts\/4980\/revisions\/4988"}],"wp:attachment":[{"href":"https:\/\/www.zti.il.pw.edu.pl\/index.php?rest_route=%2Fwp%2Fv2%2Fmedia&parent=4980"}],"wp:term":[{"taxonomy":"category","embeddable":true,"href":"https:\/\/www.zti.il.pw.edu.pl\/index.php?rest_route=%2Fwp%2Fv2%2Fcategories&post=4980"},{"taxonomy":"post_tag","embeddable":true,"href":"https:\/\/www.zti.il.pw.edu.pl\/index.php?rest_route=%2Fwp%2Fv2%2Ftags&post=4980"}],"curies":[{"name":"wp","href":"https:\/\/api.w.org\/{rel}","templated":true}]}}