{"id":5003,"date":"2020-09-20T09:33:09","date_gmt":"2020-09-20T07:33:09","guid":{"rendered":"http:\/\/www.zti.il.pw.edu.pl\/?p=5003"},"modified":"2020-09-20T10:27:12","modified_gmt":"2020-09-20T08:27:12","slug":"przelomowa-decyzja","status":"publish","type":"post","link":"https:\/\/www.zti.il.pw.edu.pl\/?p=5003","title":{"rendered":"&#8222;Prze\u0142omowa&#8221; decyzja"},"content":{"rendered":"\n<p><strong><a rel=\"noreferrer noopener\" href=\"https:\/\/businessinsider.com.pl\/wiadomosci\/zakaz-palenia-w-kominkach-na-mazowszu-w-dnie-ze-smogiem\/glqpmwb?utm_source=czysteogrzewanie.pl_viasg_businessinsider&amp;utm_medium=referal&amp;utm_campaign=leo_automatic&amp;srcc=ucs&amp;utm_v=2\" target=\"_blank\">&#8222;Prze\u0142omowa&#8221; decyzja radnych z Mazowsza. Nie b\u0119dzie mo\u017cna pali\u0107 w kominkach. S\u0105 jednak wyj\u0105tki<\/a><\/strong>. Tekst o wyj\u0105tkach jak zwykle nie jest wyj\u0105tkiem i wkurza mnie&#8230; wyj\u0105tkowo. <em>Nowe przepisy zak\u0142adaj\u0105 m.in., \u017ce <strong>nie b\u0119dzie mo\u017cna u\u017cywa\u0107 komink\u00f3w w dni, gdy zanieczyszczenie py\u0142em przekroczy warto\u015b\u0107 dopuszczaln\u0105 50 ug\/m sze\u015bc. <\/strong>Nie dotyczy to jednak budynk\u00f3w, w kt\u00f3rych kominek jest jedynym \u017ar\u00f3d\u0142em ciep\u0142a oraz palenia w kominku w dniach o czystym powietrzu<\/em>. Czyli jest tak, w prawie ale czy sprawiedliwie? Sie\u0107 gazowa w ulicy jest, ale nie ma obowi\u0105zku przy\u0142\u0105czania si\u0119 do niej bo jeste\u015bmy ci\u0105gle jeszcze krajem pe\u0142nej wolno\u015bci&#8230; trucia innych. Moi bli\u017csi i dalsi s\u0105siedzi b\u0119d\u0105 mogli zgodnie z prawem pali\u0107 byle czym, bo to jest ich jedyne \u017ar\u00f3d\u0142o ciep\u0142a. Ja kupuj\u0119 do &#8222;palenia rekreacyjnego&#8221; sezonowan\u0105 grabin\u0119 ale b\u0119d\u0119 m\u00f3g\u0142 pali\u0107 tylko wtedy, gdy s\u0105siedzi nie nakopc\u0105, czyli latem! Dlatego naby\u0142em i zainstalowa\u0142em czujnik smogu, aby m\u00f3c pr\u00f3bowa\u0107 zaspokoi\u0107 m\u00f3j nabyty dwana\u015bcie lat temu bur\u017cuazyjno liberalny, elitarny nawyk sportowego palenia w kominku. M\u00f3c pr\u00f3bowa\u0107, bo PM10 skoczy\u0142o wczoraj w pierwszej nocy pomiar\u00f3w do 50ug\/m^3. Czytam przepis: w przypadku py\u0142u <strong>PM10 poziom przekroczenia st\u0119\u017cenia dobowego to 50 \u00b5g\/m<sup>3<\/sup><\/strong>. 20 wrze\u015bnia zaliczy\u0142em ju\u017c pierwsze przekroczenie &#8211; noc by\u0142a ch\u0142odna&#8230; A czujnik mam w mieszkaniu, wi\u0119c s\u0105 to wyniki dotycz\u0105ce tego co przenikn\u0119\u0142o do \u015brodka a nie tego co jest na zewn\u0105trz&#8230;<\/p>\n\n\n\n<figure class=\"wp-block-image size-large\"><img decoding=\"async\" src=\"https:\/\/www.atmoterm.pl\/wp-content\/uploads\/2018\/11\/dane-pomiarowe.jpg\" alt=\"\"\/><\/figure>\n<div class=\"gsp_post_data\" \r\n\t            data-post_type=\"post\" \r\n\t            data-cat=\"bez-kategorii\" \r\n\t            data-modified=\"120\"\r\n\t            data-created=\"1600594389\"\r\n\t            data-title=\"&#8222;Prze\u0142omowa&#8221; decyzja\" \r\n\t            data-home=\"https:\/\/www.zti.il.pw.edu.pl\"><\/div>","protected":false},"excerpt":{"rendered":"<p>&#8222;Prze\u0142omowa&#8221; decyzja radnych z Mazowsza. Nie b\u0119dzie mo\u017cna pali\u0107 w kominkach. S\u0105 jednak wyj\u0105tki. Tekst o wyj\u0105tkach jak zwykle nie jest wyj\u0105tkiem i wkurza mnie&#8230; wyj\u0105tkowo. Nowe przepisy zak\u0142adaj\u0105 m.in., \u017ce nie b\u0119dzie mo\u017cna u\u017cywa\u0107 komink\u00f3w w dni, gdy zanieczyszczenie py\u0142em przekroczy warto\u015b\u0107 dopuszczaln\u0105 50 ug\/m sze\u015bc. Nie dotyczy to jednak budynk\u00f3w, w kt\u00f3rych kominek &hellip; <\/p>\n<p class=\"link-more\"><a href=\"https:\/\/www.zti.il.pw.edu.pl\/?p=5003\" class=\"more-link\">Czytaj dalej<span class=\"screen-reader-text\"> \u201e&#8222;Prze\u0142omowa&#8221; decyzja\u201d<\/span><\/a><\/p>\n","protected":false},"author":1,"featured_media":0,"comment_status":"open","ping_status":"open","sticky":false,"template":"","format":"standard","meta":{"footnotes":""},"categories":[1],"tags":[],"class_list":["post-5003","post","type-post","status-publish","format-standard","hentry","category-bez-kategorii"],"_links":{"self":[{"href":"https:\/\/www.zti.il.pw.edu.pl\/index.php?rest_route=\/wp\/v2\/posts\/5003","targetHints":{"allow":["GET"]}}],"collection":[{"href":"https:\/\/www.zti.il.pw.edu.pl\/index.php?rest_route=\/wp\/v2\/posts"}],"about":[{"href":"https:\/\/www.zti.il.pw.edu.pl\/index.php?rest_route=\/wp\/v2\/types\/post"}],"author":[{"embeddable":true,"href":"https:\/\/www.zti.il.pw.edu.pl\/index.php?rest_route=\/wp\/v2\/users\/1"}],"replies":[{"embeddable":true,"href":"https:\/\/www.zti.il.pw.edu.pl\/index.php?rest_route=%2Fwp%2Fv2%2Fcomments&post=5003"}],"version-history":[{"count":1,"href":"https:\/\/www.zti.il.pw.edu.pl\/index.php?rest_route=\/wp\/v2\/posts\/5003\/revisions"}],"predecessor-version":[{"id":5004,"href":"https:\/\/www.zti.il.pw.edu.pl\/index.php?rest_route=\/wp\/v2\/posts\/5003\/revisions\/5004"}],"wp:attachment":[{"href":"https:\/\/www.zti.il.pw.edu.pl\/index.php?rest_route=%2Fwp%2Fv2%2Fmedia&parent=5003"}],"wp:term":[{"taxonomy":"category","embeddable":true,"href":"https:\/\/www.zti.il.pw.edu.pl\/index.php?rest_route=%2Fwp%2Fv2%2Fcategories&post=5003"},{"taxonomy":"post_tag","embeddable":true,"href":"https:\/\/www.zti.il.pw.edu.pl\/index.php?rest_route=%2Fwp%2Fv2%2Ftags&post=5003"}],"curies":[{"name":"wp","href":"https:\/\/api.w.org\/{rel}","templated":true}]}}