{"id":5024,"date":"2020-10-01T07:21:00","date_gmt":"2020-10-01T05:21:00","guid":{"rendered":"http:\/\/www.zti.il.pw.edu.pl\/?p=5024"},"modified":"2020-10-01T08:01:21","modified_gmt":"2020-10-01T06:01:21","slug":"inauguracja","status":"publish","type":"post","link":"https:\/\/www.zti.il.pw.edu.pl\/?p=5024","title":{"rendered":"Inauguracja&#8230; ePW"},"content":{"rendered":"\n<p>Gdy rano si\u0119 obudzi\u0142em i tradycyjnym zwyczajem jeszcze przed wschodem s\u0142o\u0144ca odpali\u0142em USOS przerazi\u0142em si\u0119, \u017ce albo pad\u0142 mi ekran albo co gorsza co\u015b si\u0119 sta\u0142o ze sztucznymi soczewkami. Na g\u00f3rze niebiesko, P od PIV jakie\u015b takie z kropkami, podw\u00f3jne&#8230; Sp\u00f3jrzcie sami! Wylogowa\u0142em si\u0119 z USOS, zrestartowa\u0142em komputer, splun\u0105\u0142em przez lewe rami\u0119 i&#8230; <\/p>\n\n\n\n<figure class=\"wp-block-image size-large\"><a href=\"https:\/\/epw.pw.edu.pl\/\"><img loading=\"lazy\" decoding=\"async\" width=\"709\" height=\"590\" src=\"https:\/\/www.zti.il.pw.edu.pl\/wp-content\/uploads\/2020\/10\/ePW.gif\" alt=\"\" class=\"wp-image-5027\"\/><\/a><\/figure>\n\n\n\n<p>Noc\u0105 nast\u0105pi\u0142o historyczne przestawienie wajchy i Politechnika Warszawska przesz\u0142a z wersji papierowej w elektroniczn\u0105. Przypomina mi to czasy&#8230; Kazimierza Wielkiego, kt\u00f3ry rzekomo zasta\u0142 Polsk\u0119 drewnian\u0105 a pozostawi\u0142 murowan\u0105. Pisa\u0142em ju\u017c o moim uczestnictwie w Konferencji Informatyka w Edukacji. W gronie wybitnych Profesor\u00f3w informatyk\u00f3w dyskutowa\u0142em w panelu na temat nazewnictwa. Jedna z konkluzji by\u0142a bardzo prosta. W roku 2020 m\u00f3wienie o e- ma w sobie co\u015b z tautologii i pleonazmu. To jakby powiedzie\u0107 kolorowy telewizor &#8211; czy kto\u015b pami\u0119ta, \u017ce kiedy\u015b telewizory by\u0142y czarno bia\u0142e? Owszem, m\u00f3wimy telefon kom\u00f3rkowy, bo pozosta\u0142y jeszcze telefony stacjonarne. Wszystko wok\u00f3\u0142 nas jest e-, jeste\u015bmy w tym e- zanurzeni. Politechnika to zaakcentowa\u0142a, co u niekt\u00f3rych mo\u017ce rodzi\u0107 pytanie &#8211; a co by\u0142o przed e-? Nie dziel\u0105c w\u0142osa na czworo zapraszam wszystkich na&#8230; e-inauguracj\u0119 czyli elektroniczn\u0105 inauguracj\u0119! <\/p>\n\n\n\n<figure class=\"wp-block-embed-vimeo wp-block-embed is-type-video is-provider-vimeo wp-embed-aspect-16-9 wp-has-aspect-ratio\"><div class=\"wp-block-embed__wrapper\">\n<iframe loading=\"lazy\" src=\"https:\/\/player.vimeo.com\/video\/459330661?dnt=1&amp;app_id=122963\" width=\"525\" height=\"295\" frameborder=\"0\" allow=\"autoplay; fullscreen; picture-in-picture; clipboard-write\"><\/iframe>\n<\/div><\/figure>\n<div class=\"gsp_post_data\" \r\n\t            data-post_type=\"post\" \r\n\t            data-cat=\"bez-kategorii\" \r\n\t            data-modified=\"120\"\r\n\t            data-created=\"1601536860\"\r\n\t            data-title=\"Inauguracja&#8230; ePW\" \r\n\t            data-home=\"https:\/\/www.zti.il.pw.edu.pl\"><\/div>","protected":false},"excerpt":{"rendered":"<p>Gdy rano si\u0119 obudzi\u0142em i tradycyjnym zwyczajem jeszcze przed wschodem s\u0142o\u0144ca odpali\u0142em USOS przerazi\u0142em si\u0119, \u017ce albo pad\u0142 mi ekran albo co gorsza co\u015b si\u0119 sta\u0142o ze sztucznymi soczewkami. Na g\u00f3rze niebiesko, P od PIV jakie\u015b takie z kropkami, podw\u00f3jne&#8230; Sp\u00f3jrzcie sami! Wylogowa\u0142em si\u0119 z USOS, zrestartowa\u0142em komputer, splun\u0105\u0142em przez lewe rami\u0119 i&#8230; Noc\u0105 nast\u0105pi\u0142o &hellip; <\/p>\n<p class=\"link-more\"><a href=\"https:\/\/www.zti.il.pw.edu.pl\/?p=5024\" class=\"more-link\">Czytaj dalej<span class=\"screen-reader-text\"> \u201eInauguracja&#8230; ePW\u201d<\/span><\/a><\/p>\n","protected":false},"author":1,"featured_media":0,"comment_status":"open","ping_status":"open","sticky":false,"template":"","format":"standard","meta":{"footnotes":""},"categories":[1],"tags":[],"class_list":["post-5024","post","type-post","status-publish","format-standard","hentry","category-bez-kategorii"],"_links":{"self":[{"href":"https:\/\/www.zti.il.pw.edu.pl\/index.php?rest_route=\/wp\/v2\/posts\/5024","targetHints":{"allow":["GET"]}}],"collection":[{"href":"https:\/\/www.zti.il.pw.edu.pl\/index.php?rest_route=\/wp\/v2\/posts"}],"about":[{"href":"https:\/\/www.zti.il.pw.edu.pl\/index.php?rest_route=\/wp\/v2\/types\/post"}],"author":[{"embeddable":true,"href":"https:\/\/www.zti.il.pw.edu.pl\/index.php?rest_route=\/wp\/v2\/users\/1"}],"replies":[{"embeddable":true,"href":"https:\/\/www.zti.il.pw.edu.pl\/index.php?rest_route=%2Fwp%2Fv2%2Fcomments&post=5024"}],"version-history":[{"count":3,"href":"https:\/\/www.zti.il.pw.edu.pl\/index.php?rest_route=\/wp\/v2\/posts\/5024\/revisions"}],"predecessor-version":[{"id":5028,"href":"https:\/\/www.zti.il.pw.edu.pl\/index.php?rest_route=\/wp\/v2\/posts\/5024\/revisions\/5028"}],"wp:attachment":[{"href":"https:\/\/www.zti.il.pw.edu.pl\/index.php?rest_route=%2Fwp%2Fv2%2Fmedia&parent=5024"}],"wp:term":[{"taxonomy":"category","embeddable":true,"href":"https:\/\/www.zti.il.pw.edu.pl\/index.php?rest_route=%2Fwp%2Fv2%2Fcategories&post=5024"},{"taxonomy":"post_tag","embeddable":true,"href":"https:\/\/www.zti.il.pw.edu.pl\/index.php?rest_route=%2Fwp%2Fv2%2Ftags&post=5024"}],"curies":[{"name":"wp","href":"https:\/\/api.w.org\/{rel}","templated":true}]}}