{"id":5044,"date":"2020-10-03T05:47:00","date_gmt":"2020-10-03T03:47:00","guid":{"rendered":"http:\/\/www.zti.il.pw.edu.pl\/?p=5044"},"modified":"2020-10-03T13:33:32","modified_gmt":"2020-10-03T11:33:32","slug":"miekiszony-i-chamidla","status":"publish","type":"post","link":"https:\/\/www.zti.il.pw.edu.pl\/?p=5044","title":{"rendered":"Mi\u0119kiszony i chamid\u0142a"},"content":{"rendered":"\n<p>To okre\u015blenie us\u0142ysza\u0142em dzisiaj w radiu, kt\u00f3rym nie powiem&#8230; Zdecydowanie nie jestem mi\u0119kiszonem. Postaram si\u0119 w tym wpisie dotycz\u0105cym o paradoksie Teams i Moodle nie by\u0107 chamid\u0142em. Przez trzy letnie miesi\u0105ce stara\u0142em si\u0119 wszystkim na wydziale w dziesi\u0119ciu numerach Informatora Edukacyjnego wyt\u0142umaczy\u0107 o co chodzi w tym mitycznym &#8222;zdalnym prowadzeniu zaj\u0119\u0107&#8221; czyli kszta\u0142ceniu na odleg\u0142o\u015b\u0107. Mo\u017cna powiedzie\u0107, \u017ce oba terminy znacz\u0105 to samo. Wed\u0142ug mnie jest w tym podstawowa r\u00f3\u017cnica ideowa, mentalna. Zostawmy zdalne i na odleg\u0142o\u015b\u0107, kt\u00f3re powiedzmy \u017ce znacz\u0105 to samo. S\u0105 jednak r\u00f3\u017cnice mi\u0119dzy prowadzeniem zaj\u0119\u0107 a kszta\u0142ceniem, kt\u00f3re jest procesem. Jest Komisja Senatu ds. Kszta\u0142cenia a nie Prowadzenia Zaj\u0119\u0107. Tu nie tylko nie chodzi o s\u0142owa tylko o to co si\u0119 kryje za tymi s\u0142owami! <\/p>\n\n\n\n<p>W Moodle, kt\u00f3ry istnieje prawie dwadzie\u015bcia lat i kt\u00f3ry jest dzie\u0142em pedagoga Marina Dougiamasa jest wyra\u017ane rozr\u00f3\u017cnienie zasob\u00f3w i aktywno\u015bci.  To cierpliwie t\u0142umaczy\u0142em we wrze\u015bniu. Moodle nie ma narz\u0119dzia do wideokonferencji &#8211; trzeba korzysta\u0107 z zewn\u0119trznych narz\u0119dzi lub wtyczek. Tak, to jest podstawowa wy\u017cszo\u015b\u0107 Teams nad Moodle. Wy\u017cszo\u015b\u0107 wa\u017cna ze wzgl\u0119du na nakaz &#8222;zdalnego prowadzenia zaj\u0119\u0107&#8221; zgodnie z planem zaj\u0119\u0107, na \u017cywo. Wa\u017cna, ale nie dyskwalifikuj\u0105ca Moodle. Wszystkie inne &#8222;wodotryski&#8221; z Teams s\u0105 od prawie dwudziestu lat na pok\u0142adzie Moodle. Pliki, linki, testy, zadania, czat, forum&#8230; To wszystko jest! Oczywi\u015bcie nie jest oparte na produktach Microsoft! <\/p>\n\n\n\n<p>W poprzednim wpisie pokaza\u0142em powa\u017cn\u0105 niedogodno\u015b\u0107 w &#8222;zdalnym prowadzeniu zaj\u0119\u0107&#8221; z wykorzystaniem Teams. Jak wsp\u00f3\u0142dziel\u0119 ekran mam trudny dost\u0119p do czatu i listy z \u0142apkami. Pomys\u0142, \u017ce wszyscy Studenci maj\u0105 w\u0142\u0105czone mikrofony nie jest dobry. Jest rozwi\u0105zaniem drugi monitor i obawiam si\u0119, \u017ce na tym si\u0119 sko\u0144czy &#8211; kolejny raz dofinansuj\u0119 uczelni\u0119 i wydzia\u0142 i kupi\u0119 do mojego s\u0142u\u017cbowego laptopa prywatny monitor. Mam nadziej\u0119, \u017ce to po\u0142\u0105czenie nie z\u0142amie przepis\u00f3w&#8230; Czyli racjonalne wydaje si\u0119 by\u0107 u\u017cywanie nieodp\u0142atnych narz\u0119dzi typu Zoom lub Cisco Webex. Tak, te dwa rozwi\u0105zania nie maj\u0105 funkcjonalno\u015bci, kt\u00f3re s\u0105 w Teams. Ale te funkcjonalno\u015bci s\u0105 w Moodle. <\/p>\n\n\n\n<p>Podsumowuj\u0105c widz\u0119 dwa rozs\u0105dne scenariusze i trzeci&#8230;<br><strong>Pierwszy <\/strong>to wykorzystanie Moodle jako bazy i podstawy a Zoom lub Cisco Webex jako dodatku do telekonferencji na \u017cywo. <br><strong>Drugi <\/strong>to wykorzystanie tylko i wy\u0142\u0105cznie Teams, czyli kolokwialnie Teams solo. Teams ma bowiem w zasadzie wszystko co ma Moodle&#8230;<br><strong>Trzeci <\/strong>to redundantne po\u0142\u0105czenie Moodle i Teams. Pewne funkcjonalno\u015bci dubluj\u0105 si\u0119. W zasadzie nie tyle pewne co de facto wszystkie. Mog\u0119 zbiera\u0107 zadania w Moodle lub Teams. Testy mog\u0119 robi\u0107 i tu i tu. A mo\u017ce ju\u017c nie mog\u0119 nic robi\u0107 w Moodle? No to po co powsta\u0142 uczelniany Moodle?<\/p>\n\n\n\n<p>Oczekuj\u0119 wi\u0119c pisemnej zgody na korzystanie z innych narz\u0119dzi do telekonferencji ni\u017c Teams. Pisemnej w sensie oficjalnego komunikatu. Dla mnie bowiem ci\u0105gle obowi\u0105zuj\u0105c\u0105 wyk\u0142adni\u0105 jest list z 22 lipca. Dla tych, co chc\u0105 na ten temat wiedzie\u0107 wi\u0119cej albo sceptycznie odnosz\u0105 si\u0119 do moich wywod\u00f3w polecam <strong><a rel=\"noreferrer noopener\" href=\"https:\/\/www.trustradius.com\/compare-products\/microsoft-teams-vs-moodle\" target=\"_blank\">por\u00f3wnanie Moodle i Teams<\/a><\/strong>. Tym kt\u00f3rzy stwierdz\u0105, \u017ce tendencyjnie dobra\u0142em link sugeruj\u0119 samodzielne poszukanie informacji. I dedykuj\u0119 moje motto na ten rok. Sokrates powiedzia\u0142: <strong><a rel=\"noreferrer noopener\" href=\"https:\/\/cytaty.pl\/inne\/1233,nie-moge-nikogo-niczego-nauczyc-moge-tylko-sprawic-ze-zaczna.html\" target=\"_blank\">Nie mog\u0119 nikogo niczego nauczy\u0107. Mog\u0119 tylko sprawi\u0107, \u017ce zaczn\u0105 my\u015ble\u0107<\/a><\/strong>.<\/p>\n\n\n\n<p><span class=\"has-inline-color has-vivid-red-color\"><strong>Gaudeamus igitur<\/strong> &#8211; Radujmy si\u0119 wi\u0119c&#8230;<\/span><\/p>\n\n\n\n<figure class=\"wp-block-embed-youtube wp-block-embed is-type-video is-provider-youtube wp-embed-aspect-16-9 wp-has-aspect-ratio\"><div class=\"wp-block-embed__wrapper\">\n<iframe loading=\"lazy\" title=\"WIL PW INAUGURACJA ROKU AKADEMICKIEGO 2020\/2021\" width=\"525\" height=\"295\" src=\"https:\/\/www.youtube.com\/embed\/yj6S1VqOLwc?feature=oembed\" frameborder=\"0\" allow=\"accelerometer; autoplay; clipboard-write; encrypted-media; gyroscope; picture-in-picture; web-share\" referrerpolicy=\"strict-origin-when-cross-origin\" allowfullscreen><\/iframe>\n<\/div><\/figure>\n\n\n\n<p><strong><a href=\"https:\/\/youtu.be\/b9qqBWOnYXo\" target=\"_blank\" rel=\"noreferrer noopener\">Ten film<\/a><\/strong> mia\u0142 przez miesi\u0105c <strong>prawie pi\u0119\u0107 milion\u00f3w<\/strong> ods\u0142on. Czy kto\u015b pomo\u017ce mi zrozumie\u0107, o co w tym wszystkim chodzi? <\/p>\n<div class=\"gsp_post_data\" \r\n\t            data-post_type=\"post\" \r\n\t            data-cat=\"bez-kategorii\" \r\n\t            data-modified=\"120\"\r\n\t            data-created=\"1601704020\"\r\n\t            data-title=\"Mi\u0119kiszony i chamid\u0142a\" \r\n\t            data-home=\"https:\/\/www.zti.il.pw.edu.pl\"><\/div>","protected":false},"excerpt":{"rendered":"<p>To okre\u015blenie us\u0142ysza\u0142em dzisiaj w radiu, kt\u00f3rym nie powiem&#8230; Zdecydowanie nie jestem mi\u0119kiszonem. Postaram si\u0119 w tym wpisie dotycz\u0105cym o paradoksie Teams i Moodle nie by\u0107 chamid\u0142em. Przez trzy letnie miesi\u0105ce stara\u0142em si\u0119 wszystkim na wydziale w dziesi\u0119ciu numerach Informatora Edukacyjnego wyt\u0142umaczy\u0107 o co chodzi w tym mitycznym &#8222;zdalnym prowadzeniu zaj\u0119\u0107&#8221; czyli kszta\u0142ceniu na odleg\u0142o\u015b\u0107. &hellip; <\/p>\n<p class=\"link-more\"><a href=\"https:\/\/www.zti.il.pw.edu.pl\/?p=5044\" class=\"more-link\">Czytaj dalej<span class=\"screen-reader-text\"> \u201eMi\u0119kiszony i chamid\u0142a\u201d<\/span><\/a><\/p>\n","protected":false},"author":1,"featured_media":0,"comment_status":"open","ping_status":"open","sticky":false,"template":"","format":"standard","meta":{"footnotes":""},"categories":[1],"tags":[],"class_list":["post-5044","post","type-post","status-publish","format-standard","hentry","category-bez-kategorii"],"_links":{"self":[{"href":"https:\/\/www.zti.il.pw.edu.pl\/index.php?rest_route=\/wp\/v2\/posts\/5044","targetHints":{"allow":["GET"]}}],"collection":[{"href":"https:\/\/www.zti.il.pw.edu.pl\/index.php?rest_route=\/wp\/v2\/posts"}],"about":[{"href":"https:\/\/www.zti.il.pw.edu.pl\/index.php?rest_route=\/wp\/v2\/types\/post"}],"author":[{"embeddable":true,"href":"https:\/\/www.zti.il.pw.edu.pl\/index.php?rest_route=\/wp\/v2\/users\/1"}],"replies":[{"embeddable":true,"href":"https:\/\/www.zti.il.pw.edu.pl\/index.php?rest_route=%2Fwp%2Fv2%2Fcomments&post=5044"}],"version-history":[{"count":6,"href":"https:\/\/www.zti.il.pw.edu.pl\/index.php?rest_route=\/wp\/v2\/posts\/5044\/revisions"}],"predecessor-version":[{"id":5055,"href":"https:\/\/www.zti.il.pw.edu.pl\/index.php?rest_route=\/wp\/v2\/posts\/5044\/revisions\/5055"}],"wp:attachment":[{"href":"https:\/\/www.zti.il.pw.edu.pl\/index.php?rest_route=%2Fwp%2Fv2%2Fmedia&parent=5044"}],"wp:term":[{"taxonomy":"category","embeddable":true,"href":"https:\/\/www.zti.il.pw.edu.pl\/index.php?rest_route=%2Fwp%2Fv2%2Fcategories&post=5044"},{"taxonomy":"post_tag","embeddable":true,"href":"https:\/\/www.zti.il.pw.edu.pl\/index.php?rest_route=%2Fwp%2Fv2%2Ftags&post=5044"}],"curies":[{"name":"wp","href":"https:\/\/api.w.org\/{rel}","templated":true}]}}