{"id":5066,"date":"2020-10-07T20:29:00","date_gmt":"2020-10-07T18:29:00","guid":{"rendered":"http:\/\/www.zti.il.pw.edu.pl\/?p=5066"},"modified":"2020-10-11T11:12:22","modified_gmt":"2020-10-11T09:12:22","slug":"plaskoziemcom","status":"publish","type":"post","link":"https:\/\/www.zti.il.pw.edu.pl\/?p=5066","title":{"rendered":"P\u0142askoziemcom&#8230;"},"content":{"rendered":"\n<p>Dzi\u015b by\u0142em na wydziale&#8230; Si\u00f3demka nie okaza\u0142a si\u0119 szcz\u0119\u015bliwa. Wdepn\u0105\u0142em&#8230; Spokojnie. Na wydziale wdepn\u0105\u0142em jedynie w koleg\u0119 ze studi\u00f3w, a obecnie od pewnego czasu tak\u017ce koleg\u0119 z pracy. Ten\u017ce kolega, kt\u00f3rego b\u0119d\u0119 dalej nazywa\u0142 kole\u017ck\u0105 ma nazwijmy to delikatnie specyficzne pogl\u0105dy. Ka\u017cdy ma takie pogl\u0105dy na jakie zas\u0142uguje. Niekt\u00f3rzy na przyk\u0142ad usi\u0142uj\u0105 pogl\u0105dy niezgodne z lini\u0105 przewodni\u0105 po prostu leczy\u0107 farmakologicznie. Ja jestem tolerancyjnym cz\u0142owiekiem i jestem w stanie znie\u015b\u0107 nawet pogl\u0105dy p\u0142askoziemc\u00f3w pod warunkiem, \u017ce nie b\u0119d\u0105 usi\u0142owali tego naucza\u0107 w szko\u0142ach jako obowi\u0105zuj\u0105cego kanonu wiedzy. Jak gmach jest pusty i w kogo\u015b si\u0119 wdeptuje to ci\u0119\u017cko jest zrobi\u0107 unik. Stan\u0105\u0142em wi\u0119c twarz\u0105 w twarz z moim kole\u017ck\u0105 oczywi\u015bcie bez maseczki. <\/p>\n\n\n\n<p>Bardzo delikatnie stwierdzi\u0142em, \u017ce chyba mamy pandemi\u0119 i s\u0105 pewne obostrzenia. Kole\u017cka rado\u015bnie stwierdzi\u0142, \u017ce zachowuje dystans. Poniewa\u017c jest to cz\u0142ek prawy i by\u0107 mo\u017ce nawet co\u015b jeszcze r\u00f3wnie delikatnie stwierdzi\u0142em, \u017ce s\u0105 konkretne przepisy nakazuj\u0105ce noszenie maseczek w budynkach u\u017cyteczno\u015bci publicznej. Kole\u017cka zacz\u0105\u0142 co\u015b bredzi\u0107 o karabinach i strzelaniu. Postanowi\u0142em nie kontynuowa\u0107 rozmowy &#8211; mo\u017ce jako ideowiec zapisa\u0142 si\u0119 do legii czy te\u017c legionu&#8230;<\/p>\n\n\n\n<p>We \u015brod\u0119 7 pa\u017adziernika by\u0142y wykryte 3003 przypadki. W poprzednich dniach odpowiednio 2236 i 2006. Tylko skrajny imbecyl i kretyn nie widzi tendencji wzrostowej. A p\u0142askoziemca? Tak, ten ca\u0142y koronawirus to wymys\u0142 ideologii LGBT, lewactwa i komunistycznych z\u0142og\u00f3w gorszego sortu. A wszystko to jest tylko po to, aby zahamowa\u0107 proces budowy spo\u0142ecze\u0144stwa nowego typu&#8230; <\/p>\n\n\n\n<p>PS. Kilka dni p\u00f3\u017aniej w niedziel\u0119 rano \u017cycie dopisuje ci\u0105g dalszy. Kole\u017cce i innym p\u0142askoziemcom dedykuj\u0119 dane z kilku ostatnich dni. I o\u015bwiadczam. Je\u015bli z\u0142y los zmusi mnie ponownie do wycieczki na wydzia\u0142 i je\u015bli podczas tej wycieczki zobacz\u0119 kogo\u015b na korytarzu bez maseczki wykonam fotografi\u0119 a potem w spos\u00f3b prawy i sprawiedliwy wezw\u0119 Stra\u017c Akademick\u0105. Wiem, p\u0142askoziemcy, wasze plwociny s\u0105 lepsze ni\u017c moje, ale prawo, obowi\u0105zuje tak\u017ce was!<\/p>\n\n\n\n<ul class=\"wp-block-list\"><li>05.10 <strong>2006<\/strong><\/li><li>06.10 <strong>2236<\/strong><\/li><li>07.10 <strong>3003<\/strong><\/li><li>08.10 <strong>4280<\/strong><\/li><li>09.10 <strong>4739<\/strong><\/li><li>10.10 <strong>5300<\/strong><\/li><\/ul>\n\n\n\n<figure class=\"wp-block-embed-youtube wp-block-embed is-type-video is-provider-youtube wp-embed-aspect-16-9 wp-has-aspect-ratio\"><div class=\"wp-block-embed__wrapper\">\nhttps:\/\/youtu.be\/-LZ5vg7rv8c?t=342\n<\/div><\/figure>\n<div class=\"gsp_post_data\" \r\n\t            data-post_type=\"post\" \r\n\t            data-cat=\"bez-kategorii\" \r\n\t            data-modified=\"120\"\r\n\t            data-created=\"1602102540\"\r\n\t            data-title=\"P\u0142askoziemcom&#8230;\" \r\n\t            data-home=\"https:\/\/www.zti.il.pw.edu.pl\"><\/div>","protected":false},"excerpt":{"rendered":"<p>Dzi\u015b by\u0142em na wydziale&#8230; Si\u00f3demka nie okaza\u0142a si\u0119 szcz\u0119\u015bliwa. Wdepn\u0105\u0142em&#8230; Spokojnie. Na wydziale wdepn\u0105\u0142em jedynie w koleg\u0119 ze studi\u00f3w, a obecnie od pewnego czasu tak\u017ce koleg\u0119 z pracy. Ten\u017ce kolega, kt\u00f3rego b\u0119d\u0119 dalej nazywa\u0142 kole\u017ck\u0105 ma nazwijmy to delikatnie specyficzne pogl\u0105dy. Ka\u017cdy ma takie pogl\u0105dy na jakie zas\u0142uguje. Niekt\u00f3rzy na przyk\u0142ad usi\u0142uj\u0105 pogl\u0105dy niezgodne z &hellip; <\/p>\n<p class=\"link-more\"><a href=\"https:\/\/www.zti.il.pw.edu.pl\/?p=5066\" class=\"more-link\">Czytaj dalej<span class=\"screen-reader-text\"> \u201eP\u0142askoziemcom&#8230;\u201d<\/span><\/a><\/p>\n","protected":false},"author":1,"featured_media":0,"comment_status":"open","ping_status":"open","sticky":false,"template":"","format":"standard","meta":{"footnotes":""},"categories":[1],"tags":[],"class_list":["post-5066","post","type-post","status-publish","format-standard","hentry","category-bez-kategorii"],"_links":{"self":[{"href":"https:\/\/www.zti.il.pw.edu.pl\/index.php?rest_route=\/wp\/v2\/posts\/5066","targetHints":{"allow":["GET"]}}],"collection":[{"href":"https:\/\/www.zti.il.pw.edu.pl\/index.php?rest_route=\/wp\/v2\/posts"}],"about":[{"href":"https:\/\/www.zti.il.pw.edu.pl\/index.php?rest_route=\/wp\/v2\/types\/post"}],"author":[{"embeddable":true,"href":"https:\/\/www.zti.il.pw.edu.pl\/index.php?rest_route=\/wp\/v2\/users\/1"}],"replies":[{"embeddable":true,"href":"https:\/\/www.zti.il.pw.edu.pl\/index.php?rest_route=%2Fwp%2Fv2%2Fcomments&post=5066"}],"version-history":[{"count":7,"href":"https:\/\/www.zti.il.pw.edu.pl\/index.php?rest_route=\/wp\/v2\/posts\/5066\/revisions"}],"predecessor-version":[{"id":5080,"href":"https:\/\/www.zti.il.pw.edu.pl\/index.php?rest_route=\/wp\/v2\/posts\/5066\/revisions\/5080"}],"wp:attachment":[{"href":"https:\/\/www.zti.il.pw.edu.pl\/index.php?rest_route=%2Fwp%2Fv2%2Fmedia&parent=5066"}],"wp:term":[{"taxonomy":"category","embeddable":true,"href":"https:\/\/www.zti.il.pw.edu.pl\/index.php?rest_route=%2Fwp%2Fv2%2Fcategories&post=5066"},{"taxonomy":"post_tag","embeddable":true,"href":"https:\/\/www.zti.il.pw.edu.pl\/index.php?rest_route=%2Fwp%2Fv2%2Ftags&post=5066"}],"curies":[{"name":"wp","href":"https:\/\/api.w.org\/{rel}","templated":true}]}}