{"id":518,"date":"2013-10-10T08:50:32","date_gmt":"2013-10-10T06:50:32","guid":{"rendered":"http:\/\/www.zti.il.pw.edu.pl\/?p=518"},"modified":"2013-10-10T09:00:51","modified_gmt":"2013-10-10T07:00:51","slug":"grant-jak-granat","status":"publish","type":"post","link":"https:\/\/www.zti.il.pw.edu.pl\/?p=518","title":{"rendered":"Grant jak granat&#8230;"},"content":{"rendered":"<p>Prowadzenie bada\u0144 naukowych mo\u017ce by\u0107 niebezpieczne. Gazeta donosi: <a href=\"http:\/\/wroclaw.gazeta.pl\/wroclaw\/1,35771,14750357,Afera_na_Politechnice_Wroclawskiej__Profesor_aresztowany.html#TRNajCzyt\" title=\"gran(a)t\" target=\"_blank\">afera, profesor aresztowany&#8230;<\/a> Jak nie wiadomo o co chodzi chodzi o&#8230; pieniadze. <em>Wszystkim zatrzymanym pracownikom za oszustwo o warto\u015bci przekraczaj\u0105cej 200 tys. z\u0142 grozi do 10 lat pozbawienia wolno\u015bci. Prof. Adam J., kt\u00f3ry &#8211; zdaniem prokuratury &#8211; uczyni\u0142 z tego procederu sta\u0142e \u017ar\u00f3d\u0142o utrzymania, mo\u017ce sp\u0119dzi\u0107 w wi\u0119zieniu nawet 15 lat. <\/em>Oszutwo czy&#8230; <em>Wykryto, \u017ce mog\u0142o doj\u015b\u0107 do nieprawid\u0142owo\u015bci przy pi\u0119ciu badaniach, dotycz\u0105cych g\u0142\u00f3wnie dziur w ich dokumentacji.<\/em> Do dokumentaji i dziur zawsze si\u0119 mo\u017cna przyczepi\u0107!<\/p>\n<div class=\"gsp_post_data\" \r\n\t            data-post_type=\"post\" \r\n\t            data-cat=\"bez-kategorii\" \r\n\t            data-modified=\"120\"\r\n\t            data-created=\"1381395032\"\r\n\t            data-title=\"Grant jak granat&#8230;\" \r\n\t            data-home=\"https:\/\/www.zti.il.pw.edu.pl\"><\/div>","protected":false},"excerpt":{"rendered":"<p>Prowadzenie bada\u0144 naukowych mo\u017ce by\u0107 niebezpieczne. Gazeta donosi: afera, profesor aresztowany&#8230; Jak nie wiadomo o co chodzi chodzi o&#8230; pieniadze. Wszystkim zatrzymanym pracownikom za oszustwo o warto\u015bci przekraczaj\u0105cej 200 tys. z\u0142 grozi do 10 lat pozbawienia wolno\u015bci. Prof. Adam J., kt\u00f3ry &#8211; zdaniem prokuratury &#8211; uczyni\u0142 z tego procederu sta\u0142e \u017ar\u00f3d\u0142o utrzymania, mo\u017ce sp\u0119dzi\u0107 w &hellip; <\/p>\n<p class=\"link-more\"><a href=\"https:\/\/www.zti.il.pw.edu.pl\/?p=518\" class=\"more-link\">Czytaj dalej<span class=\"screen-reader-text\"> \u201eGrant jak granat&#8230;\u201d<\/span><\/a><\/p>\n","protected":false},"author":1,"featured_media":0,"comment_status":"open","ping_status":"open","sticky":false,"template":"","format":"standard","meta":{"footnotes":""},"categories":[1],"tags":[],"class_list":["post-518","post","type-post","status-publish","format-standard","hentry","category-bez-kategorii"],"_links":{"self":[{"href":"https:\/\/www.zti.il.pw.edu.pl\/index.php?rest_route=\/wp\/v2\/posts\/518","targetHints":{"allow":["GET"]}}],"collection":[{"href":"https:\/\/www.zti.il.pw.edu.pl\/index.php?rest_route=\/wp\/v2\/posts"}],"about":[{"href":"https:\/\/www.zti.il.pw.edu.pl\/index.php?rest_route=\/wp\/v2\/types\/post"}],"author":[{"embeddable":true,"href":"https:\/\/www.zti.il.pw.edu.pl\/index.php?rest_route=\/wp\/v2\/users\/1"}],"replies":[{"embeddable":true,"href":"https:\/\/www.zti.il.pw.edu.pl\/index.php?rest_route=%2Fwp%2Fv2%2Fcomments&post=518"}],"version-history":[{"count":4,"href":"https:\/\/www.zti.il.pw.edu.pl\/index.php?rest_route=\/wp\/v2\/posts\/518\/revisions"}],"predecessor-version":[{"id":520,"href":"https:\/\/www.zti.il.pw.edu.pl\/index.php?rest_route=\/wp\/v2\/posts\/518\/revisions\/520"}],"wp:attachment":[{"href":"https:\/\/www.zti.il.pw.edu.pl\/index.php?rest_route=%2Fwp%2Fv2%2Fmedia&parent=518"}],"wp:term":[{"taxonomy":"category","embeddable":true,"href":"https:\/\/www.zti.il.pw.edu.pl\/index.php?rest_route=%2Fwp%2Fv2%2Fcategories&post=518"},{"taxonomy":"post_tag","embeddable":true,"href":"https:\/\/www.zti.il.pw.edu.pl\/index.php?rest_route=%2Fwp%2Fv2%2Ftags&post=518"}],"curies":[{"name":"wp","href":"https:\/\/api.w.org\/{rel}","templated":true}]}}