{"id":523,"date":"2013-10-11T08:24:49","date_gmt":"2013-10-11T06:24:49","guid":{"rendered":"http:\/\/www.zti.il.pw.edu.pl\/?p=523"},"modified":"2013-10-11T08:26:57","modified_gmt":"2013-10-11T06:26:57","slug":"fakty","status":"publish","type":"post","link":"https:\/\/www.zti.il.pw.edu.pl\/?p=523","title":{"rendered":"Fakty&#8230;"},"content":{"rendered":"<p>Tekst ten zostanie podpisany imieniem i nazwiskiem jego autora, gdy\u017c w \u017cadnym stopniu nie reprezentuje pogl\u0105d\u00f3w Dyrektora Instytutu b\u0105d\u017a te\u017c Dziekana Wydzia\u0142u. B\u0119dzie oczywi\u015bcie o aresztowaniu Profesora PWr. S\u0105 dwie mo\u017cliwo\u015bci &#8211; albo prasa k\u0142amie, albo&#8230; Spojrzmy na fakty <a title=\"gzeta\" href=\"http:\/\/wroclaw.gazeta.pl\/wroclaw\/1,35771,14750357,Afera_na_Politechnice_Wroclawskiej__Profesor_aresztowany.html#TRNajCzyt\" target=\"_blank\">opisane w artykule<\/a>. W latach 2005-2013 czyli <strong>przez 9 lat<\/strong> naukowcy w liczbie <strong>czterech<\/strong> przyw\u0142aszczyli sobie rzekomo <strong>1.8 mln z\u0142otych<\/strong>. Wykonajmy proste operacje na poziomie szko\u0142y podstawowej. Podzielmy kwot\u0119 przez liczb\u0119 lat, nast\u0119pnie przez liczb\u0119 os\u00f3b a nast\u0119pnie miesi\u0119cy w roku. Wynik wynosi 4166 zlotych. Tyle teoretycznie &#8222;przyw\u0142aszcza\u0142&#8221; sobie ka\u017cdy z aresztowanych miesi\u0119cznie w wersji brutto-brutto, czyli bez naliczania koszt\u00f3w uczelnianych i wydzia\u0142owych. Czy to du\u017co czy ma\u0142o? Czy to jest moralne, gdy s\u0105 niedo\u017cywione dzieci? Zgodnie z kryterimi oceny jednostek naukowych ich celem dzia\u0142ania jest zdobywanie punkt\u00f3w poprzez publikacje. Sp\u00f3jrzmy na dorobek aresztowanego Profesora. W Web of Science wystarczy wpisac imi\u0119 nazwisko i adres czyli nazw\u0119 miasta. Wyniki wyszukiwania s\u0105 w za\u0142\u0105czonym pliku. <a href=\"http:\/\/www.zti.il.pw.edu.pl\/wp-content\/uploads\/2013\/10\/AdamJ-lista.pdf\">AdamJ-lista<\/a> Czy s\u0105 to wa\u017ckie publikacje? O tym poza faktem, \u017ce zosta\u0142y opublikowane w tak zwanych renomowanych czasopismach \u015bwiadczy liczba ich cytowa\u0144, kt\u00f3ra jest w kolejnym pliku. <a href=\"http:\/\/www.zti.il.pw.edu.pl\/wp-content\/uploads\/2013\/10\/AdamJ-cytowania.pdf\">AdamJ-cytowania<\/a> Fakty m\u00f3wi\u0105 same za siebie. 42 indeksowane publikacje w latach 2005-13. Liczba cytowa\u0144 1305, h-indeks 21. Wynik, kt\u00f3rego wielu polskich uczonych powinno zazdro\u015bci\u0107 aresztowanemu. I na tym chyba trzeba zako\u0144czy\u0107 ten wpis. Je\u017celi za takie osi\u0105gni\u0119cia naukowe jest si\u0119 oskar\u017conym o &#8222;oszustwa o znacznej warto\u015bci&#8221; to jest to powa\u017cne zagro\u017cenie dla naszych ojczystych \u015brodowisk naukowych. Niewielu grantobiorc\u00f3w jest si\u0119 w stanie poszczyci\u0107 takim &#8222;urobkiem naukowym&#8221;. Czy\u017cby by\u0142 to pocz\u0105tek kolejnego &#8222;strzy\u017cenia wykszta\u0142ciuch\u00f3w&#8221;? A mo\u017ce to po prostu element naszego polskiego piekie\u0142ka? Mo\u017ce nawet wybitnym uczonym nie wolno ju\u017c wychodzi\u0107 przed szereg i&#8230; podnosi\u0107 poprzeczki?<\/p>\n<p style=\"text-align: right;\">dr hab. in\u017c. R. Robert Gajewski<br \/>\nKierownik Zespo\u0142u Technologii Informatycznych<\/p>\n<div class=\"gsp_post_data\" \r\n\t            data-post_type=\"post\" \r\n\t            data-cat=\"bez-kategorii\" \r\n\t            data-modified=\"120\"\r\n\t            data-created=\"1381479889\"\r\n\t            data-title=\"Fakty&#8230;\" \r\n\t            data-home=\"https:\/\/www.zti.il.pw.edu.pl\"><\/div>","protected":false},"excerpt":{"rendered":"<p>Tekst ten zostanie podpisany imieniem i nazwiskiem jego autora, gdy\u017c w \u017cadnym stopniu nie reprezentuje pogl\u0105d\u00f3w Dyrektora Instytutu b\u0105d\u017a te\u017c Dziekana Wydzia\u0142u. B\u0119dzie oczywi\u015bcie o aresztowaniu Profesora PWr. S\u0105 dwie mo\u017cliwo\u015bci &#8211; albo prasa k\u0142amie, albo&#8230; Spojrzmy na fakty opisane w artykule. W latach 2005-2013 czyli przez 9 lat naukowcy w liczbie czterech przyw\u0142aszczyli sobie &hellip; <\/p>\n<p class=\"link-more\"><a href=\"https:\/\/www.zti.il.pw.edu.pl\/?p=523\" class=\"more-link\">Czytaj dalej<span class=\"screen-reader-text\"> \u201eFakty&#8230;\u201d<\/span><\/a><\/p>\n","protected":false},"author":1,"featured_media":0,"comment_status":"open","ping_status":"open","sticky":false,"template":"","format":"standard","meta":{"footnotes":""},"categories":[1],"tags":[],"class_list":["post-523","post","type-post","status-publish","format-standard","hentry","category-bez-kategorii"],"_links":{"self":[{"href":"https:\/\/www.zti.il.pw.edu.pl\/index.php?rest_route=\/wp\/v2\/posts\/523","targetHints":{"allow":["GET"]}}],"collection":[{"href":"https:\/\/www.zti.il.pw.edu.pl\/index.php?rest_route=\/wp\/v2\/posts"}],"about":[{"href":"https:\/\/www.zti.il.pw.edu.pl\/index.php?rest_route=\/wp\/v2\/types\/post"}],"author":[{"embeddable":true,"href":"https:\/\/www.zti.il.pw.edu.pl\/index.php?rest_route=\/wp\/v2\/users\/1"}],"replies":[{"embeddable":true,"href":"https:\/\/www.zti.il.pw.edu.pl\/index.php?rest_route=%2Fwp%2Fv2%2Fcomments&post=523"}],"version-history":[{"count":5,"href":"https:\/\/www.zti.il.pw.edu.pl\/index.php?rest_route=\/wp\/v2\/posts\/523\/revisions"}],"predecessor-version":[{"id":529,"href":"https:\/\/www.zti.il.pw.edu.pl\/index.php?rest_route=\/wp\/v2\/posts\/523\/revisions\/529"}],"wp:attachment":[{"href":"https:\/\/www.zti.il.pw.edu.pl\/index.php?rest_route=%2Fwp%2Fv2%2Fmedia&parent=523"}],"wp:term":[{"taxonomy":"category","embeddable":true,"href":"https:\/\/www.zti.il.pw.edu.pl\/index.php?rest_route=%2Fwp%2Fv2%2Fcategories&post=523"},{"taxonomy":"post_tag","embeddable":true,"href":"https:\/\/www.zti.il.pw.edu.pl\/index.php?rest_route=%2Fwp%2Fv2%2Ftags&post=523"}],"curies":[{"name":"wp","href":"https:\/\/api.w.org\/{rel}","templated":true}]}}