{"id":5563,"date":"2021-05-07T09:00:00","date_gmt":"2021-05-07T07:00:00","guid":{"rendered":"http:\/\/www.zti.il.pw.edu.pl\/?p=5563"},"modified":"2021-05-13T13:34:30","modified_gmt":"2021-05-13T11:34:30","slug":"zegnaj-piotrze","status":"publish","type":"post","link":"https:\/\/www.zti.il.pw.edu.pl\/?p=5563","title":{"rendered":"\u017begnaj Piotrze&#8230;"},"content":{"rendered":"\n<p>Dzi\u015b dotar\u0142a do mnie informacja o \u015bmierci Pana Doktora Piotra Wi\u015bniakowskiego. <strong>Pogrzeb, Msza \u015awi\u0119ta \u017ba\u0142obna, odb\u0119dzie si\u0119 w ko\u015bciele \u015awi\u0119tej Anny w Piasecznie we czwartek 13 maja o godzinie 13:00<\/strong>. <\/p>\n\n\n\n<p>Piotrka zna\u0142em ponad czterdzie\u015bci lat, czyli przez ca\u0142e moje bycie i \u017cycie na wydziale. W latach 80 ubieg\u0142ego wieku m\u0119czyli\u015bmy student\u00f3w progowymi przedmiotami z grupy mechanika. Schy\u0142ek ustroju powszechnej s\u0142u\u017cbowej szcz\u0119\u015bliwo\u015bci wygl\u0105da\u0142 dok\u0142adnie tak jak lata 70 pokazywane w filmie Mi\u015b. Byli\u015bmy najweselszym barakiem w\u015br\u00f3d demolud\u00f3w. Byli\u015bmy barakiem rozrywkowym i imprezowym. Z tego czasu pami\u0119tam do\u015bwiadczalne cz\u0119\u015bci obron doktorat\u00f3w, kt\u00f3re mia\u0142y miejsce w nieod\u017ca\u0142owanym laboratorium wytrzyma\u0142o\u015bci materia\u0142\u00f3w &#8222;na transporcie&#8221; po\u015bwi\u0119cone mechanice p\u0142yn\u00f3w.<\/p>\n\n\n\n<p>Potem nasze drogi rozesz\u0142y si\u0119, ale zawsze ch\u0119tnie rozmawiali\u015bmy. Piotrek by\u0142 zawsze pogodny i u\u015bmiechni\u0119ty mimo wszelakich przeciwno\u015bci losu. Kilka lat temu po\u0142\u0105czy\u0142a nas wsp\u00f3lna dolegliwo\u015b\u0107 &#8211; za\u0107ma. Wsp\u00f3lne radosne bankietowanie zast\u0105pi\u0142y rozmowy o stanie zdrowia i&#8230; dydaktyki. Za\u0107m\u0119 mo\u017cna \u0142atwo zoperowa\u0107. Gorzej jest z naszymi zaj\u0119ciami, na kt\u00f3rych nie mogli\u015bmy robi\u0107 zada\u0144 sprzed lat, bo by\u0142y za trudne. Zastanawiali\u015bmy si\u0119 do czego to prowadzi. Nie doko\u0144czyli\u015bmy tych rozm\u00f3w, ale wierz\u0119, \u017ce jeszcze do nich wr\u00f3cimy. <\/p>\n\n\n\n<p>Do zobaczenia Piotrze&#8230;<\/p>\n\n\n\n<p>PS. Ukaza\u0142 si\u0119 <strong><a href=\"http:\/\/nekrologi.wyborcza.pl\/0,11,,513339,Piotr-Wi%C5%9Bniakowski-kondolencje.html\" target=\"_blank\" rel=\"noreferrer noopener\">nekrolog z kondolencjami od Zak\u0142adu<\/a><\/strong>, od wydzia\u0142u nic, nie ma tak\u017ce informacji o pogrzebie. Smutne ale prawdziwe jak trudno by\u0107 po \u015bmierci &#8222;zas\u0142u\u017conym&#8221;&#8230;<\/p>\n<div class=\"gsp_post_data\" \r\n\t            data-post_type=\"post\" \r\n\t            data-cat=\"bez-kategorii\" \r\n\t            data-modified=\"120\"\r\n\t            data-created=\"1620378000\"\r\n\t            data-title=\"\u017begnaj Piotrze&#8230;\" \r\n\t            data-home=\"https:\/\/www.zti.il.pw.edu.pl\"><\/div>","protected":false},"excerpt":{"rendered":"<p>Dzi\u015b dotar\u0142a do mnie informacja o \u015bmierci Pana Doktora Piotra Wi\u015bniakowskiego. Pogrzeb, Msza \u015awi\u0119ta \u017ba\u0142obna, odb\u0119dzie si\u0119 w ko\u015bciele \u015awi\u0119tej Anny w Piasecznie we czwartek 13 maja o godzinie 13:00. Piotrka zna\u0142em ponad czterdzie\u015bci lat, czyli przez ca\u0142e moje bycie i \u017cycie na wydziale. W latach 80 ubieg\u0142ego wieku m\u0119czyli\u015bmy student\u00f3w progowymi przedmiotami z grupy &hellip; <\/p>\n<p class=\"link-more\"><a href=\"https:\/\/www.zti.il.pw.edu.pl\/?p=5563\" class=\"more-link\">Czytaj dalej<span class=\"screen-reader-text\"> \u201e\u017begnaj Piotrze&#8230;\u201d<\/span><\/a><\/p>\n","protected":false},"author":1,"featured_media":0,"comment_status":"open","ping_status":"open","sticky":false,"template":"","format":"standard","meta":{"footnotes":""},"categories":[1],"tags":[],"class_list":["post-5563","post","type-post","status-publish","format-standard","hentry","category-bez-kategorii"],"_links":{"self":[{"href":"https:\/\/www.zti.il.pw.edu.pl\/index.php?rest_route=\/wp\/v2\/posts\/5563","targetHints":{"allow":["GET"]}}],"collection":[{"href":"https:\/\/www.zti.il.pw.edu.pl\/index.php?rest_route=\/wp\/v2\/posts"}],"about":[{"href":"https:\/\/www.zti.il.pw.edu.pl\/index.php?rest_route=\/wp\/v2\/types\/post"}],"author":[{"embeddable":true,"href":"https:\/\/www.zti.il.pw.edu.pl\/index.php?rest_route=\/wp\/v2\/users\/1"}],"replies":[{"embeddable":true,"href":"https:\/\/www.zti.il.pw.edu.pl\/index.php?rest_route=%2Fwp%2Fv2%2Fcomments&post=5563"}],"version-history":[{"count":7,"href":"https:\/\/www.zti.il.pw.edu.pl\/index.php?rest_route=\/wp\/v2\/posts\/5563\/revisions"}],"predecessor-version":[{"id":5594,"href":"https:\/\/www.zti.il.pw.edu.pl\/index.php?rest_route=\/wp\/v2\/posts\/5563\/revisions\/5594"}],"wp:attachment":[{"href":"https:\/\/www.zti.il.pw.edu.pl\/index.php?rest_route=%2Fwp%2Fv2%2Fmedia&parent=5563"}],"wp:term":[{"taxonomy":"category","embeddable":true,"href":"https:\/\/www.zti.il.pw.edu.pl\/index.php?rest_route=%2Fwp%2Fv2%2Fcategories&post=5563"},{"taxonomy":"post_tag","embeddable":true,"href":"https:\/\/www.zti.il.pw.edu.pl\/index.php?rest_route=%2Fwp%2Fv2%2Ftags&post=5563"}],"curies":[{"name":"wp","href":"https:\/\/api.w.org\/{rel}","templated":true}]}}