{"id":5923,"date":"2021-08-31T06:03:00","date_gmt":"2021-08-31T04:03:00","guid":{"rendered":"http:\/\/www.zti.il.pw.edu.pl\/?p=5923"},"modified":"2021-08-31T07:18:47","modified_gmt":"2021-08-31T05:18:47","slug":"i-po-radzie","status":"publish","type":"post","link":"https:\/\/www.zti.il.pw.edu.pl\/?p=5923","title":{"rendered":"I po radzie&#8230;"},"content":{"rendered":"\n<p>Wczoraj odby\u0142a si\u0119 zapowiadana rada gabinetowa. Pan Prezydent Duda zechcia\u0142 by\u0142 powiedzie\u0107 co nast\u0119puje: <strong>Rok szkolny rozpoczyna si\u0119 normalnie. Nie zak\u0142ada si\u0119 \u017cadnego lockdownu, \u017cadnej nauki w specjalnych systemach hybrydowych czy innych. Dzieci i m\u0142odzie\u017c id\u0105 normalnie do szko\u0142y, tak jak zawsze<\/strong>. Co wi\u0119cej Pan Prezydent Duda zechcia\u0142 by\u0142 powiedzie\u0107, \u017ce: <strong>Nie przewiduje si\u0119 &#8211; o ile nie przyjdzie nowa mutacja koronawirusa, kt\u00f3ra omija\u0142aby odporno\u015b\u0107 wywo\u0142an\u0105 szczepieniem lub tym, \u017ce kto\u015b ju\u017c przeszed\u0142 zaka\u017cenie &#8211; by nadchodz\u0105ca fala pandemii by\u0142a &#8222;bardzo wysoka&#8221;, a liczba zachorowa\u0144 si\u0119ga\u0142a poziomem stanu z wiosny<\/strong>. Tyle <strong><a rel=\"noreferrer noopener\" href=\"https:\/\/www.pap.pl\/aktualnosci\/news%2C937947%2Cprezydent-rok-szkolny-bez-lockdownu-maseczek-na-lekcjach-i-dzielenia\" target=\"_blank\">komunikat Polskiej Agencji Prasowej<\/a><\/strong>. Rozumiem wi\u0119c, \u017ce naukowcy z ICM czyli Uniwersytetu Warszawskiego i MOCOS czyli Politechniki Wroc\u0142awskiej zdaniem Pana Prezydenta Dudy myl\u0105 si\u0119. Swoj\u0105 drog\u0105 chcia\u0142bym si\u0119 dowiedzie\u0107, kto stoi za eufemizmem &#8222;nie przewiduje si\u0119&#8221;, jacy to uczeni stwierdzaj\u0105, \u017ce nadchodz\u0105ca fala nie b\u0119dzie wysoka, czyli&#8230; b\u0119dzie niska. I jeszcze jedna uwaga&#8230; Pan Prezydent powiedzia\u0142 &#8222;<strong>w specjalnych systemach hybrydowych czy innych<\/strong>&#8222;. Bardzo dok\u0142adnie czytam wszystkie wiadomo\u015bci dotycz\u0105ce jak to m\u00f3wi\u0119 edukacji pandemicznej. W j\u0119zyku polskim nikt poza mn\u0105 nie pisze o blended learning. Pisze o tym oczywi\u015bcie ca\u0142y \u015bwiat. Nie ukrywam ciekawi mnie, sk\u0105d Pan Prezydent wie o tych &#8222;<strong>innych systemach<\/strong>&#8222;. Z moich unikatowych polskoj\u0119zycznych tekst\u00f3w czy jednak od \u015bwiata?<\/p>\n<div class=\"gsp_post_data\" \r\n\t            data-post_type=\"post\" \r\n\t            data-cat=\"bez-kategorii\" \r\n\t            data-modified=\"120\"\r\n\t            data-created=\"1630389780\"\r\n\t            data-title=\"I po radzie&#8230;\" \r\n\t            data-home=\"https:\/\/www.zti.il.pw.edu.pl\"><\/div>","protected":false},"excerpt":{"rendered":"<p>Wczoraj odby\u0142a si\u0119 zapowiadana rada gabinetowa. Pan Prezydent Duda zechcia\u0142 by\u0142 powiedzie\u0107 co nast\u0119puje: Rok szkolny rozpoczyna si\u0119 normalnie. Nie zak\u0142ada si\u0119 \u017cadnego lockdownu, \u017cadnej nauki w specjalnych systemach hybrydowych czy innych. Dzieci i m\u0142odzie\u017c id\u0105 normalnie do szko\u0142y, tak jak zawsze. Co wi\u0119cej Pan Prezydent Duda zechcia\u0142 by\u0142 powiedzie\u0107, \u017ce: Nie przewiduje si\u0119 &#8211; &hellip; <\/p>\n<p class=\"link-more\"><a href=\"https:\/\/www.zti.il.pw.edu.pl\/?p=5923\" class=\"more-link\">Czytaj dalej<span class=\"screen-reader-text\"> \u201eI po radzie&#8230;\u201d<\/span><\/a><\/p>\n","protected":false},"author":1,"featured_media":0,"comment_status":"open","ping_status":"open","sticky":false,"template":"","format":"standard","meta":{"footnotes":""},"categories":[1],"tags":[],"class_list":["post-5923","post","type-post","status-publish","format-standard","hentry","category-bez-kategorii"],"_links":{"self":[{"href":"https:\/\/www.zti.il.pw.edu.pl\/index.php?rest_route=\/wp\/v2\/posts\/5923","targetHints":{"allow":["GET"]}}],"collection":[{"href":"https:\/\/www.zti.il.pw.edu.pl\/index.php?rest_route=\/wp\/v2\/posts"}],"about":[{"href":"https:\/\/www.zti.il.pw.edu.pl\/index.php?rest_route=\/wp\/v2\/types\/post"}],"author":[{"embeddable":true,"href":"https:\/\/www.zti.il.pw.edu.pl\/index.php?rest_route=\/wp\/v2\/users\/1"}],"replies":[{"embeddable":true,"href":"https:\/\/www.zti.il.pw.edu.pl\/index.php?rest_route=%2Fwp%2Fv2%2Fcomments&post=5923"}],"version-history":[{"count":4,"href":"https:\/\/www.zti.il.pw.edu.pl\/index.php?rest_route=\/wp\/v2\/posts\/5923\/revisions"}],"predecessor-version":[{"id":5929,"href":"https:\/\/www.zti.il.pw.edu.pl\/index.php?rest_route=\/wp\/v2\/posts\/5923\/revisions\/5929"}],"wp:attachment":[{"href":"https:\/\/www.zti.il.pw.edu.pl\/index.php?rest_route=%2Fwp%2Fv2%2Fmedia&parent=5923"}],"wp:term":[{"taxonomy":"category","embeddable":true,"href":"https:\/\/www.zti.il.pw.edu.pl\/index.php?rest_route=%2Fwp%2Fv2%2Fcategories&post=5923"},{"taxonomy":"post_tag","embeddable":true,"href":"https:\/\/www.zti.il.pw.edu.pl\/index.php?rest_route=%2Fwp%2Fv2%2Ftags&post=5923"}],"curies":[{"name":"wp","href":"https:\/\/api.w.org\/{rel}","templated":true}]}}