{"id":6502,"date":"2025-02-11T11:38:17","date_gmt":"2025-02-11T10:38:17","guid":{"rendered":"https:\/\/www.zti.il.pw.edu.pl\/?p=6502"},"modified":"2025-02-11T13:02:38","modified_gmt":"2025-02-11T12:02:38","slug":"bialy-frak","status":"publish","type":"post","link":"https:\/\/www.zti.il.pw.edu.pl\/?p=6502","title":{"rendered":"Bia\u0142y frak&#8230;"},"content":{"rendered":"\n<h2 class=\"wp-block-heading\"><a href=\"http:\/\/liryka-liryka.blogspot.com\/2013\/05\/cyrk-wojciech-mynarski.html\" target=\"_blank\" rel=\"noreferrer noopener\">I wtedy ja na dany znak<br>pr\u0119\u017c\u0105c i \u015bmiej\u0105c si\u0119 szampa\u0144sko<br>wchodz\u0119 ubrany w bia\u0142y frak<br>i m\u00f3wi\u0119: dobry wiecz\u00f3r Pa\u0144stwu!<\/a><\/h2>\n\n\n\n<p>Jeden z rycerzy reform czy te\u017c \u017co\u0142nierzy rewolucji zada\u0142 mi pytanie, o co mi tak w\u0142a\u015bciwie chodzi w tym podkre\u015blaniu potrzeby dyskusji o fundamentach i podstawach. No bo dyskusja o fundamencie czyli siatce zaj\u0119\u0107 i podziale godzin przecie\u017c by\u0142a i wszyscy s\u0105 w tym samym stopniu zadowoleni i pokrzywdzeni. Co\u015b ju\u017c na ten temat napisa\u0142em i tego nie b\u0119d\u0119 rozwija\u0142. Istotny jest nie tylko podzia\u0142 \u0142up\u00f3w, kt\u00f3ry jest \u015brednio s\u0142usznie uto\u017csamiany z dyskusj\u0105 o <strong>tre\u015bci <\/strong>ale tak\u017ce spos\u00f3b realizacji zaj\u0119\u0107 czyli <strong>forma<\/strong>. Pisa\u0142em bez echa o konieczno\u015bci dostrze\u017cenia braku materia\u0142\u00f3w, kt\u00f3re mog\u0105 pom\u00f3c w samodzielnym uczeniu si\u0119. Bo pi\u0119tna\u015bcie slajd\u00f3w w PDF z godziny wyk\u0142adu nie spe\u0142nia tego warunku. To po pierwsze&#8230;<\/p>\n\n\n\n<p>A <strong>po drugie<\/strong>, czego nie b\u0119d\u0119 w tym wpisie rozwija\u0142, to kwestia liczby przedmiot\u00f3w w semestrze. U nas tak\u017ce po reformie dominuj\u0105 ma\u0142e przedmioty z jedn\u0105 godzin\u0105 wyk\u0142adu i jedn\u0105 \u0107wicze\u0144. By\u0107 mo\u017ce dzieje si\u0119 tak dla uhonorowania u\u015bwietnienia i upami\u0119tnienia prowadz\u0105cego. Warto i trzeba si\u0119 spyta\u0107 student\u00f3w o ich zdanie na ten temat. Kwestia zosta\u0142a podniesiona na wrze\u015bniowym seminarium w Wildze. Kontynuacja mia\u0142a miejsce na listopadowym seminarium IDUB. Generalnie studenci boj\u0105 si\u0119 &#8222;du\u017cych przedmiot\u00f3w&#8221;, czuj\u0105 strach i respekt przed &#8222;koby\u0142ami&#8221;. Ale z drugiej strony na skutek rozdrobnienia pod koniec semestru i w sesji cierpi\u0105, \u017ce wzgl\u0119du na wielo\u015b\u0107 zalicze\u0144. Mo\u017ce warto zrobi\u0107 na ca\u0142ej uczelni badania i dowiedzie\u0107 si\u0119, jakie jest zdanie student\u00f3w w tej sprawie. Przecie\u017c kszta\u0142cenie prowadzimy dla nich nie dla siebie.<\/p>\n\n\n\n<p>A <strong>po trzecie<\/strong> warto spojrze\u0107 na &#8222;realizacj\u0119 procesu zaliczania&#8221;. O co mi chodzi? Je\u015bli przedmiot ma sk\u0142adowe typu wyk\u0142ad, \u0107wiczenia audytoryjne, \u0107wiczenia projektowe i laboratorium a do tego jest jeszcze egzamin to student musi uzyska\u0107 mn\u00f3stwo zalicze\u0144 cz\u0105stkowych na ocen\u0119, \u017ceby na koniec mie\u0107 pozytywn\u0105 ocen\u0119 \u0142\u0105czn\u0105. Dla ustalenia uwagi poka\u017c\u0119 o co chodzi na przyk\u0142adzie podstaw informatyki, gdzie do tego roku jest jedna godzina wyk\u0142adu, dwie zaj\u0119\u0107 komputerowych i&#8230; trzy oceny. Przyjmijmy tak dla ustania uwagi, \u017ce za zaj\u0119cia komputerowe i wyk\u0142ad jest po 50 punkt\u00f3w (czyli \u0142\u0105cznie jest 100 punkt\u00f3w) a zalicza po\u0142owa, czyli 50%. Wyobra\u017amy sobie, \u017ce kto\u015b otrzyma\u0142 z \u0107wicze\u0144 40 punkt\u00f3w a z wyk\u0142ad\u00f3w 20 czyli \u0142\u0105cznie 60, czyli 60% ze 100 punkt\u00f3w. Zalicza &#8211; nie, bo obie cz\u0105stkowe oceny z zaj\u0119\u0107 komputerowych i wyk\u0142ad\u00f3w musz\u0105 by\u0107. Wielokrotnie sugerowa\u0142em i prosi\u0142em, aby by\u0142a jedna ocena \u0142\u0105czna &#8211; odmowa i argumentacja w zasadzie powalaj\u0105ca, nie-bo-nie, bo system nie pozwala, bo b\u0119dzie ba\u0142agan, bo tak ma by\u0107&#8230; Id\u0105c dalej mo\u017cna przy takim \u0142\u0105cznym zaliczeniu ustali\u0107 wagi sk\u0142adowych przyznaj\u0105c na przyk\u0142ad 60 punkt\u00f3w za \u0107wiczenia a 40 za wyk\u0142ad. W aktualnym systemie co do zasady ocena \u0142\u0105czna to \u015brednia ocen sk\u0142adowych. <\/p>\n\n\n\n<p>Pomys\u0142 mo\u017cna rozszerzy\u0107 na przedmioty, gdzie jest egzamin. B\u0119dzie tu oczywi\u015bcie o niebo trudniej cokolwiek ustali\u0107 ale&#8230; warto i trzeba rozmawia\u0107! Pami\u0119tam moje pocz\u0105tki sprzed lat. Po pierwszym semestrze zaj\u0119\u0107 z mechaniki zaliczy\u0142a zdecydowanie mniej ni\u017c po\u0142owa i by\u0142em got\u00f3w zwolni\u0107 si\u0119 z pracy uznaj\u0105c, \u017ce nie nadaj\u0119 si\u0119 do niej. Dyrektor i Kierownik nie przyj\u0105\u0142 rezygnacji, bo hospitowa\u0142 moje zaj\u0119cia i uzna\u0142, \u017ce jestem po prostu wymagaj\u0105cy i uczciwy. Co to oznacza wkr\u00f3tce zrozumia\u0142em. Zacz\u0119li si\u0119 do mnie zapisywa\u0107 na zaj\u0119cia tak zwani spadochroniarze, czyli powtarzaj\u0105cy zaj\u0119cia. Najwi\u0119kszym zaskoczeniem by\u0142y dla mnie osoby z zaliczeniem. Wyja\u015bnili, \u017ce maj\u0105 zaliczenie, ale jest ono g[&#8230;] warte, bo nie mog\u0105 zda\u0107 egzaminu pisemnego. Wtedy i chyba tak\u017ce dzisiaj egzamin pisemny obejmowa\u0142 te sama zadania co na kolokwiach. Do dzi\u015b pytam si\u0119 po co? Chyba tylko po to, aby zidentyfikowa\u0107 tych, kt\u00f3rych pu\u015bcili prowadz\u0105cy \u0107wiczenia. A nie pro\u015bciej jest, aby koordynator wyeliminowa\u0142 przypadki &#8222;puszczania&#8221; z \u0107wicze\u0144? Nie b\u0119dzie wtedy konieczno\u015bci ponownego rozwi\u0105zywania tych samych zada\u0144 co na kolokwiach&#8230; <\/p>\n\n\n\n<p>Dla tych za\u015b co nie klikn\u0119li w link i nie przeczytali wiersza czy te\u017c tekstu autorstwa Wojciecha M\u0142ynarskiego Piotr Fronczewski i Cyrk. Jest te\u017c wersja \u015bpiewana przez samego mistrza M\u0142ynarskiego&#8230;<\/p>\n\n\n\n<figure class=\"wp-block-embed is-type-video is-provider-youtube wp-block-embed-youtube wp-embed-aspect-4-3 wp-has-aspect-ratio\"><div class=\"wp-block-embed__wrapper\">\n<iframe loading=\"lazy\" title=\"Piotr Fronczewski Cyrk\" width=\"525\" height=\"394\" src=\"https:\/\/www.youtube.com\/embed\/FeZYsTVrpMY?feature=oembed\" frameborder=\"0\" allow=\"accelerometer; autoplay; clipboard-write; encrypted-media; gyroscope; picture-in-picture; web-share\" referrerpolicy=\"strict-origin-when-cross-origin\" allowfullscreen><\/iframe>\n<\/div><\/figure>\n\n\n\n<figure class=\"wp-block-embed is-type-video is-provider-youtube wp-block-embed-youtube wp-embed-aspect-4-3 wp-has-aspect-ratio\"><div class=\"wp-block-embed__wrapper\">\n<iframe loading=\"lazy\" title=\"Jak nalezy rozpoczac cyrkowe przedstawienie: How to start a circus performance\" width=\"525\" height=\"394\" src=\"https:\/\/www.youtube.com\/embed\/OBuX6pI09D0?feature=oembed\" frameborder=\"0\" allow=\"accelerometer; autoplay; clipboard-write; encrypted-media; gyroscope; picture-in-picture; web-share\" referrerpolicy=\"strict-origin-when-cross-origin\" allowfullscreen><\/iframe>\n<\/div><\/figure>\n<div class=\"gsp_post_data\" \r\n\t            data-post_type=\"post\" \r\n\t            data-cat=\"bez-kategorii\" \r\n\t            data-modified=\"120\"\r\n\t            data-created=\"1739273897\"\r\n\t            data-title=\"Bia\u0142y frak&#8230;\" \r\n\t            data-home=\"https:\/\/www.zti.il.pw.edu.pl\"><\/div>","protected":false},"excerpt":{"rendered":"<p>I wtedy ja na dany znakpr\u0119\u017c\u0105c i \u015bmiej\u0105c si\u0119 szampa\u0144skowchodz\u0119 ubrany w bia\u0142y fraki m\u00f3wi\u0119: dobry wiecz\u00f3r Pa\u0144stwu! Jeden z rycerzy reform czy te\u017c \u017co\u0142nierzy rewolucji zada\u0142 mi pytanie, o co mi tak w\u0142a\u015bciwie chodzi w tym podkre\u015blaniu potrzeby dyskusji o fundamentach i podstawach. No bo dyskusja o fundamencie czyli siatce zaj\u0119\u0107 i podziale godzin &hellip; <\/p>\n<p class=\"link-more\"><a href=\"https:\/\/www.zti.il.pw.edu.pl\/?p=6502\" class=\"more-link\">Czytaj dalej<span class=\"screen-reader-text\"> \u201eBia\u0142y frak&#8230;\u201d<\/span><\/a><\/p>\n","protected":false},"author":1,"featured_media":0,"comment_status":"open","ping_status":"open","sticky":false,"template":"","format":"standard","meta":{"footnotes":""},"categories":[1],"tags":[],"class_list":["post-6502","post","type-post","status-publish","format-standard","hentry","category-bez-kategorii"],"_links":{"self":[{"href":"https:\/\/www.zti.il.pw.edu.pl\/index.php?rest_route=\/wp\/v2\/posts\/6502","targetHints":{"allow":["GET"]}}],"collection":[{"href":"https:\/\/www.zti.il.pw.edu.pl\/index.php?rest_route=\/wp\/v2\/posts"}],"about":[{"href":"https:\/\/www.zti.il.pw.edu.pl\/index.php?rest_route=\/wp\/v2\/types\/post"}],"author":[{"embeddable":true,"href":"https:\/\/www.zti.il.pw.edu.pl\/index.php?rest_route=\/wp\/v2\/users\/1"}],"replies":[{"embeddable":true,"href":"https:\/\/www.zti.il.pw.edu.pl\/index.php?rest_route=%2Fwp%2Fv2%2Fcomments&post=6502"}],"version-history":[{"count":3,"href":"https:\/\/www.zti.il.pw.edu.pl\/index.php?rest_route=\/wp\/v2\/posts\/6502\/revisions"}],"predecessor-version":[{"id":6506,"href":"https:\/\/www.zti.il.pw.edu.pl\/index.php?rest_route=\/wp\/v2\/posts\/6502\/revisions\/6506"}],"wp:attachment":[{"href":"https:\/\/www.zti.il.pw.edu.pl\/index.php?rest_route=%2Fwp%2Fv2%2Fmedia&parent=6502"}],"wp:term":[{"taxonomy":"category","embeddable":true,"href":"https:\/\/www.zti.il.pw.edu.pl\/index.php?rest_route=%2Fwp%2Fv2%2Fcategories&post=6502"},{"taxonomy":"post_tag","embeddable":true,"href":"https:\/\/www.zti.il.pw.edu.pl\/index.php?rest_route=%2Fwp%2Fv2%2Ftags&post=6502"}],"curies":[{"name":"wp","href":"https:\/\/api.w.org\/{rel}","templated":true}]}}