{"id":6575,"date":"2025-03-27T14:03:57","date_gmt":"2025-03-27T13:03:57","guid":{"rendered":"https:\/\/www.zti.il.pw.edu.pl\/?p=6575"},"modified":"2025-03-27T14:03:58","modified_gmt":"2025-03-27T13:03:58","slug":"wyklad-nieuczesany","status":"publish","type":"post","link":"https:\/\/www.zti.il.pw.edu.pl\/?p=6575","title":{"rendered":"Wyk\u0142ad nieuczesany"},"content":{"rendered":"\n<p>W pi\u0105tek 4 kwietnia 2025 o godzinie 14:00 b\u0119d\u0119 mia\u0142 &#8222;wyst\u0119p&#8221; w ramach kultowego cyklu <strong><a href=\"https:\/\/www.linkedin.com\/posts\/jacek-szafran-89587b94_wyk%C5%82adynieuczesane-activity-7182298496945799168-uMKy\/?originalSubdomain=pl\" target=\"_blank\" rel=\"noreferrer noopener\">Wyk\u0142ad\u00f3w nieuczesanych<\/a><\/strong>. M\u00f3j wyk\u0142ad b\u0119dzie nosi\u0142 tytu\u0142 <strong>Diabelska alternatywa edukacyjna czyli mi\u0119dzy dropoutem a kolorowaniem drwala<\/strong>. Wi\u0119cej informacji przynosi <strong><a href=\"https:\/\/www.linkedin.com\/feed\/update\/urn:li:activity:7310964180679897088\/\" target=\"_blank\" rel=\"noreferrer noopener\">ten link<\/a><\/strong>. Wszystkich zainteresowanych serdecznie zapraszam!<\/p>\n\n\n\n<figure class=\"wp-block-image size-large\"><a href=\"https:\/\/www.zti.il.pw.edu.pl\/wp-content\/uploads\/2025\/03\/image-2.png\"><img loading=\"lazy\" decoding=\"async\" width=\"1024\" height=\"763\" src=\"https:\/\/www.zti.il.pw.edu.pl\/wp-content\/uploads\/2025\/03\/image-2-1024x763.png\" alt=\"\" class=\"wp-image-6576\" srcset=\"https:\/\/www.zti.il.pw.edu.pl\/wp-content\/uploads\/2025\/03\/image-2-1024x763.png 1024w, https:\/\/www.zti.il.pw.edu.pl\/wp-content\/uploads\/2025\/03\/image-2-300x224.png 300w, https:\/\/www.zti.il.pw.edu.pl\/wp-content\/uploads\/2025\/03\/image-2-768x572.png 768w, https:\/\/www.zti.il.pw.edu.pl\/wp-content\/uploads\/2025\/03\/image-2.png 1122w\" sizes=\"auto, (max-width: 767px) 89vw, (max-width: 1000px) 54vw, (max-width: 1071px) 543px, 580px\" \/><\/a><\/figure>\n<div class=\"gsp_post_data\" \r\n\t            data-post_type=\"post\" \r\n\t            data-cat=\"bez-kategorii\" \r\n\t            data-modified=\"120\"\r\n\t            data-created=\"1743084237\"\r\n\t            data-title=\"Wyk\u0142ad nieuczesany\" \r\n\t            data-home=\"https:\/\/www.zti.il.pw.edu.pl\"><\/div>","protected":false},"excerpt":{"rendered":"<p>W pi\u0105tek 4 kwietnia 2025 o godzinie 14:00 b\u0119d\u0119 mia\u0142 &#8222;wyst\u0119p&#8221; w ramach kultowego cyklu Wyk\u0142ad\u00f3w nieuczesanych. M\u00f3j wyk\u0142ad b\u0119dzie nosi\u0142 tytu\u0142 Diabelska alternatywa edukacyjna czyli mi\u0119dzy dropoutem a kolorowaniem drwala. Wi\u0119cej informacji przynosi ten link. Wszystkich zainteresowanych serdecznie zapraszam!<\/p>\n","protected":false},"author":1,"featured_media":0,"comment_status":"open","ping_status":"open","sticky":false,"template":"","format":"standard","meta":{"footnotes":""},"categories":[1],"tags":[],"class_list":["post-6575","post","type-post","status-publish","format-standard","hentry","category-bez-kategorii"],"_links":{"self":[{"href":"https:\/\/www.zti.il.pw.edu.pl\/index.php?rest_route=\/wp\/v2\/posts\/6575","targetHints":{"allow":["GET"]}}],"collection":[{"href":"https:\/\/www.zti.il.pw.edu.pl\/index.php?rest_route=\/wp\/v2\/posts"}],"about":[{"href":"https:\/\/www.zti.il.pw.edu.pl\/index.php?rest_route=\/wp\/v2\/types\/post"}],"author":[{"embeddable":true,"href":"https:\/\/www.zti.il.pw.edu.pl\/index.php?rest_route=\/wp\/v2\/users\/1"}],"replies":[{"embeddable":true,"href":"https:\/\/www.zti.il.pw.edu.pl\/index.php?rest_route=%2Fwp%2Fv2%2Fcomments&post=6575"}],"version-history":[{"count":1,"href":"https:\/\/www.zti.il.pw.edu.pl\/index.php?rest_route=\/wp\/v2\/posts\/6575\/revisions"}],"predecessor-version":[{"id":6577,"href":"https:\/\/www.zti.il.pw.edu.pl\/index.php?rest_route=\/wp\/v2\/posts\/6575\/revisions\/6577"}],"wp:attachment":[{"href":"https:\/\/www.zti.il.pw.edu.pl\/index.php?rest_route=%2Fwp%2Fv2%2Fmedia&parent=6575"}],"wp:term":[{"taxonomy":"category","embeddable":true,"href":"https:\/\/www.zti.il.pw.edu.pl\/index.php?rest_route=%2Fwp%2Fv2%2Fcategories&post=6575"},{"taxonomy":"post_tag","embeddable":true,"href":"https:\/\/www.zti.il.pw.edu.pl\/index.php?rest_route=%2Fwp%2Fv2%2Ftags&post=6575"}],"curies":[{"name":"wp","href":"https:\/\/api.w.org\/{rel}","templated":true}]}}