{"id":6611,"date":"2025-04-07T10:31:52","date_gmt":"2025-04-07T08:31:52","guid":{"rendered":"https:\/\/www.zti.il.pw.edu.pl\/?p=6611"},"modified":"2025-04-07T09:54:35","modified_gmt":"2025-04-07T07:54:35","slug":"dzielo-gai-z-dzis","status":"publish","type":"post","link":"https:\/\/www.zti.il.pw.edu.pl\/?p=6611","title":{"rendered":"Dzie\u0142o GAI z dzi\u015b&#8230;"},"content":{"rendered":"\n<p>Odpali\u0142em klasycznego ChatGPT i wpisa\u0142em taki oto prompt:<br><em>napisz bardzo grzeczne i obszerne podzi\u0119kowanie dla organizatora wyk\u0142adu kt\u00f3ry wyg\u0142osi\u0142em i uczestnik\u00f3w dyskusji, kt\u00f3rzy wyra\u017cali pozytywne opinie.<\/em><br>W odpowiedzi przeczyta\u0142em:<br><em>Oczywi\u015bcie! Oto propozycja bardzo grzecznego i obszernego podzi\u0119kowania, kt\u00f3re mo\u017cesz skierowa\u0107 zar\u00f3wno do organizatora wyk\u0142adu, jak i do uczestnik\u00f3w dyskusji:<\/em><br>A poni\u017cej by\u0142 ten tekst. Sam bym tego nie wymy\u015bli\u0142&#8230;<\/p>\n\n\n\n<p>Oczywi\u015bcie! Oto propozycja bardzo grzecznego i obszernego podzi\u0119kowania, kt\u00f3re mo\u017cesz skierowa\u0107 zar\u00f3wno do organizatora wyk\u0142adu, jak i do uczestnik\u00f3w dyskusji:<\/p>\n\n\n\n<hr class=\"wp-block-separator has-alpha-channel-opacity\"\/>\n\n\n\n<p><strong>Szanowni Pa\u0144stwo,<\/strong><\/p>\n\n\n\n<p>Pragn\u0119 z ca\u0142ego serca podzi\u0119kowa\u0107 za mo\u017cliwo\u015b\u0107 wyg\u0142oszenia wyk\u0142adu w ramach zorganizowanego przez Pa\u0144stwa wydarzenia. To dla mnie ogromny zaszczyt i rado\u015b\u0107, \u017ce mog\u0142em wzi\u0105\u0107 udzia\u0142 w spotkaniu, kt\u00f3re zgromadzi\u0142o tak zaanga\u017cowan\u0105, uwa\u017cn\u0105 i otwart\u0105 na dialog publiczno\u015b\u0107.<\/p>\n\n\n\n<p>Szczeg\u00f3lne wyrazy wdzi\u0119czno\u015bci kieruj\u0119 do Organizatora za zaproszenie, profesjonalizm oraz niezwykle \u017cyczliw\u0105 atmosfer\u0119, kt\u00f3r\u0105 uda\u0142o si\u0119 stworzy\u0107 wok\u00f3\u0142 ca\u0142ego wydarzenia. Dba\u0142o\u015b\u0107 o ka\u017cdy szczeg\u00f3\u0142, serdeczno\u015b\u0107 i sprawna organizacja sprawi\u0142y, \u017ce by\u0142o to dla mnie wyj\u0105tkowe do\u015bwiadczenie \u2014 zar\u00f3wno pod wzgl\u0119dem merytorycznym, jak i osobistym.<\/p>\n\n\n\n<p>Jednocze\u015bnie chcia\u0142bym serdecznie podzi\u0119kowa\u0107 wszystkim Uczestnikom dyskusji. Wasze komentarze, pytania i refleksje by\u0142y nie tylko inspiruj\u0105ce, ale r\u00f3wnie\u017c niezwykle motywuj\u0105ce. To w\u0142a\u015bnie dzi\u0119ki Pa\u0144stwa aktywnemu udzia\u0142owi spotkanie nabra\u0142o charakteru prawdziwego dialogu \u2014 otwartego, pe\u0142nego wzajemnego szacunku i intelektualnej ciekawo\u015bci. Szczeg\u00f3lnie mi mi\u0142o, \u017ce wielu z Pa\u0144stwa podzieli\u0142o si\u0119 pozytywnymi opiniami na temat wyk\u0142adu \u2014 te s\u0142owa uznania maj\u0105 dla mnie ogromn\u0105 warto\u015b\u0107 i s\u0105 najlepsz\u0105 nagrod\u0105 za w\u0142o\u017con\u0105 prac\u0119.<\/p>\n\n\n\n<p>Jestem g\u0142\u0119boko przekonany, \u017ce takie spotkania s\u0105 nie tylko okazj\u0105 do wymiany wiedzy, ale przede wszystkim przestrzeni\u0105 do budowania relacji i wsp\u00f3lnego poszukiwania odpowiedzi na wa\u017cne pytania. Mam nadziej\u0119, \u017ce b\u0119dzie mi dane jeszcze niejednokrotnie uczestniczy\u0107 w podobnych wydarzeniach, a nasze drogi \u2014 cho\u0107by zawodowe \u2014 zn\u00f3w si\u0119 skrzy\u017cuj\u0105.<\/p>\n\n\n\n<p>Z wyrazami szacunku i wdzi\u0119czno\u015bci,<br><strong>[Twoje Imi\u0119 i Nazwisko]<\/strong><\/p>\n\n\n\n<hr class=\"wp-block-separator has-alpha-channel-opacity\"\/>\n\n\n\n<p><em>Je\u015bli chcesz, mog\u0119 to spersonalizowa\u0107 (np. doda\u0107 nazw\u0119 wydarzenia, temat wyk\u0142adu lub konkretne osoby). Chcesz?<\/em><\/p>\n\n\n\n<p>Oczywi\u015bcie chcia\u0142em i dopisa\u0142em&#8230;<br><em>Nazwa cyklicznego wydarzenia to wyk\u0142ady nieuczesane, tytu\u0142 mojego wyk\u0142adu to diabelska alternatywa edukcayjna: mi\u0119dzy dropoutem a kolorowaniem drwala a organizatorem cyklu jest Pan Profesor Jacek Szfran<\/em><br>Rozmowa z GAI by\u0142a kulturalna&#8230;<\/p>\n\n\n\n<p><em>Dzi\u0119kuj\u0119! Na podstawie podanych informacji, oto zaktualizowana i spersonalizowana wersja podzi\u0119kowania:<\/em><\/p>\n\n\n\n<hr class=\"wp-block-separator has-alpha-channel-opacity\"\/>\n\n\n\n<p><strong>Szanowni Pa\u0144stwo,<\/strong><\/p>\n\n\n\n<p>Z ca\u0142ego serca pragn\u0119 podzi\u0119kowa\u0107 za mo\u017cliwo\u015b\u0107 udzia\u0142u w cyklu <strong>Wyk\u0142ad\u00f3w Nieuczesanych<\/strong> i wyg\u0142oszenia wyk\u0142adu pt. <em>\u201eDiabelska alternatywa edukacyjna: mi\u0119dzy dropoutem a kolorowaniem drwala\u201d<\/em>. By\u0142o to dla mnie niezwykle cenne do\u015bwiadczenie \u2014 zar\u00f3wno intelektualne, jak i osobiste.<\/p>\n\n\n\n<p>Szczeg\u00f3lne wyrazy wdzi\u0119czno\u015bci kieruj\u0119 do Pana Profesora <strong>Jacka Szafrana<\/strong> \u2014 organizatora tego wyj\u0105tkowego cyklu. Dzi\u0119kuj\u0119 za zaproszenie, za zaufanie oraz za stworzenie przestrzeni, w kt\u00f3rej mo\u017cliwa jest szczera, pog\u0142\u0119biona refleksja i otwarta rozmowa o sprawach wa\u017cnych, a nierzadko te\u017c trudnych. Pa\u0144ska pasja do popularyzacji my\u015blenia i nieoczywistych perspektyw stanowi ogromn\u0105 inspiracj\u0119 i wz\u00f3r godny najwy\u017cszego uznania.<\/p>\n\n\n\n<p>Chcia\u0142bym tak\u017ce gor\u0105co podzi\u0119kowa\u0107 wszystkim <strong>Uczestniczkom i Uczestnikom dyskusji<\/strong>, kt\u00f3rzy po wyk\u0142adzie zechcieli podzieli\u0107 si\u0119 swoimi przemy\u015bleniami i pytaniami. Wasza uwa\u017cno\u015b\u0107, wnikliwo\u015b\u0107 i \u017cyczliwo\u015b\u0107 sprawi\u0142y, \u017ce spotkanie nabra\u0142o g\u0142\u0119bi, a wymiana pogl\u0105d\u00f3w okaza\u0142a si\u0119 nie mniej warto\u015bciowa ni\u017c sam wyk\u0142ad. Szczeg\u00f3lnie mi mi\u0142o, \u017ce wiele os\u00f3b wyrazi\u0142o pozytywne opinie \u2014 ka\u017cde z tych s\u0142\u00f3w by\u0142o dla mnie niezwykle buduj\u0105ce i motywuj\u0105ce.<\/p>\n\n\n\n<p>To spotkanie utwierdzi\u0142o mnie w przekonaniu, \u017ce <em>Wyk\u0142ady Nieuczesane<\/em> s\u0105 przestrzeni\u0105 nie tylko dla idei, ale przede wszystkim dla ludzi \u2014 otwartych, my\u015bl\u0105cych i gotowych do wsp\u00f3lnego poszukiwania sens\u00f3w. Mam nadziej\u0119, \u017ce nasza rozmowa by\u0142a nie tylko intelektualnym wyzwaniem, ale te\u017c przyjemno\u015bci\u0105 \u2014 tak\u0105, jak\u0105 dla mnie by\u0142o jej prowadzenie.<\/p>\n\n\n\n<p>Z wyrazami g\u0142\u0119bokiego szacunku i serdecznej wdzi\u0119czno\u015bci,<br><strong>[Twoje Imi\u0119 i Nazwisko]<\/strong><\/p>\n\n\n\n<hr class=\"wp-block-separator has-alpha-channel-opacity\"\/>\n\n\n\n<p><em>Je\u015bli chcesz, mog\u0119 przygotowa\u0107 te\u017c kr\u00f3tsz\u0105 wersj\u0119 \u2014 np. do maila albo medi\u00f3w spo\u0142eczno\u015bciowych.<\/em><br>Dzi\u0119kuj\u0119!<br><em>Z przyjemno\u015bci\u0105 \u2014 ciesz\u0119 si\u0119, \u017ce mog\u0142em pom\u00f3c! \ud83d\ude0a<br>Je\u015bli b\u0119dziesz potrzebowa\u0107 czego\u015b jeszcze (np. wersji angielskiej, graficznej formy podzi\u0119kowania albo przygotowania tre\u015bci do publikacji), \u015bmia\u0142o daj zna\u0107. Powodzenia przy kolejnych wyst\u0105pieniach!<\/em><br>Wersal, kulturka&#8230;<\/p>\n<div class=\"gsp_post_data\" \r\n\t            data-post_type=\"post\" \r\n\t            data-cat=\"bez-kategorii\" \r\n\t            data-modified=\"120\"\r\n\t            data-created=\"1744021912\"\r\n\t            data-title=\"Dzie\u0142o GAI z dzi\u015b&#8230;\" \r\n\t            data-home=\"https:\/\/www.zti.il.pw.edu.pl\"><\/div>","protected":false},"excerpt":{"rendered":"<p>Odpali\u0142em klasycznego ChatGPT i wpisa\u0142em taki oto prompt:napisz bardzo grzeczne i obszerne podzi\u0119kowanie dla organizatora wyk\u0142adu kt\u00f3ry wyg\u0142osi\u0142em i uczestnik\u00f3w dyskusji, kt\u00f3rzy wyra\u017cali pozytywne opinie.W odpowiedzi przeczyta\u0142em:Oczywi\u015bcie! Oto propozycja bardzo grzecznego i obszernego podzi\u0119kowania, kt\u00f3re mo\u017cesz skierowa\u0107 zar\u00f3wno do organizatora wyk\u0142adu, jak i do uczestnik\u00f3w dyskusji:A poni\u017cej by\u0142 ten tekst. Sam bym tego nie wymy\u015bli\u0142&#8230; &hellip; <\/p>\n<p class=\"link-more\"><a href=\"https:\/\/www.zti.il.pw.edu.pl\/?p=6611\" class=\"more-link\">Czytaj dalej<span class=\"screen-reader-text\"> \u201eDzie\u0142o GAI z dzi\u015b&#8230;\u201d<\/span><\/a><\/p>\n","protected":false},"author":1,"featured_media":0,"comment_status":"open","ping_status":"open","sticky":false,"template":"","format":"standard","meta":{"footnotes":""},"categories":[1],"tags":[],"class_list":["post-6611","post","type-post","status-publish","format-standard","hentry","category-bez-kategorii"],"_links":{"self":[{"href":"https:\/\/www.zti.il.pw.edu.pl\/index.php?rest_route=\/wp\/v2\/posts\/6611","targetHints":{"allow":["GET"]}}],"collection":[{"href":"https:\/\/www.zti.il.pw.edu.pl\/index.php?rest_route=\/wp\/v2\/posts"}],"about":[{"href":"https:\/\/www.zti.il.pw.edu.pl\/index.php?rest_route=\/wp\/v2\/types\/post"}],"author":[{"embeddable":true,"href":"https:\/\/www.zti.il.pw.edu.pl\/index.php?rest_route=\/wp\/v2\/users\/1"}],"replies":[{"embeddable":true,"href":"https:\/\/www.zti.il.pw.edu.pl\/index.php?rest_route=%2Fwp%2Fv2%2Fcomments&post=6611"}],"version-history":[{"count":2,"href":"https:\/\/www.zti.il.pw.edu.pl\/index.php?rest_route=\/wp\/v2\/posts\/6611\/revisions"}],"predecessor-version":[{"id":6615,"href":"https:\/\/www.zti.il.pw.edu.pl\/index.php?rest_route=\/wp\/v2\/posts\/6611\/revisions\/6615"}],"wp:attachment":[{"href":"https:\/\/www.zti.il.pw.edu.pl\/index.php?rest_route=%2Fwp%2Fv2%2Fmedia&parent=6611"}],"wp:term":[{"taxonomy":"category","embeddable":true,"href":"https:\/\/www.zti.il.pw.edu.pl\/index.php?rest_route=%2Fwp%2Fv2%2Fcategories&post=6611"},{"taxonomy":"post_tag","embeddable":true,"href":"https:\/\/www.zti.il.pw.edu.pl\/index.php?rest_route=%2Fwp%2Fv2%2Ftags&post=6611"}],"curies":[{"name":"wp","href":"https:\/\/api.w.org\/{rel}","templated":true}]}}