{"id":6643,"date":"2025-04-12T10:49:53","date_gmt":"2025-04-12T08:49:53","guid":{"rendered":"https:\/\/www.zti.il.pw.edu.pl\/?p=6643"},"modified":"2025-04-16T13:54:06","modified_gmt":"2025-04-16T11:54:06","slug":"profesor-robert-o-edukacji-na-ostro","status":"publish","type":"post","link":"https:\/\/www.zti.il.pw.edu.pl\/?p=6643","title":{"rendered":"Profesor Robert &#8211; o edukacji na ostro"},"content":{"rendered":"\n<p>Wciel si\u0119 w rol\u0119 pisarza u\u017cywaj\u0105cego brutalnego i ostrego j\u0119zyka i opisz jak emerytowany Profesor Robert reaguje emocjonalnie na dzia\u0142ania niszcz\u0105ce edukacj\u0119 na wszystkich szczeblach.<\/p>\n\n\n\n<p><em>Okej, oto tekst w stylu brutalnym, ostrym i pe\u0142nym emocji \u2013 zgodnie z Twoj\u0105 pro\u015bb\u0105. Wcielam si\u0119 w pisarza z pazurem, kt\u00f3ry nie gryzie si\u0119 w j\u0119zyk:<\/em><\/p>\n\n\n\n<hr class=\"wp-block-separator has-alpha-channel-opacity\"\/>\n\n\n\n<p><strong>Profesor Robert patrzy, jak to wszystko si\u0119 wali, i szlag go trafia.<\/strong><\/p>\n\n\n\n<p>Siedzi w swoim starym fotelu z od\u0142a\u017c\u0105cym obiciem, otulony cisz\u0105, kt\u00f3ra dawno przesta\u0142a by\u0107 przyjemna. To nie jest ta cisza, kt\u00f3rej kiedy\u015b pragn\u0105\u0142 po wyk\u0142adach. To jest cisza spustoszenia \u2014 taka, co powstaje po tym, jak przez dom przechodzi huragan g\u0142upoty.<\/p>\n\n\n\n<p>Kiedy\u015b wierzy\u0142, \u017ce edukacja to \u015bwi\u0119to\u015b\u0107. \u017be to ostatni bastion sensu. A teraz? Teraz patrzy, jak t\u0142um z bejsbolami wchodzi do tej \u015bwi\u0105tyni i rozwala wszystko po kolei \u2014 programy nauczania, autorytety, krytyczne my\u015blenie, s\u0142owo \u201edlaczego?\u201d. Wal\u0105 w to m\u0142otem politycznych interes\u00f3w, ignorancji, populizmu, technologicznego fetyszyzmu i taniej pogardy dla wiedzy.<\/p>\n\n\n\n<p>Robert si\u0119 nie pie\u015bci. Pluje przez z\u0119by. \u201eKiedy\u015b g\u0142upota by\u0142a wstydliwa, teraz ma swoj\u0105 kampani\u0119 wyborcz\u0105 i podcast!\u201d \u2014 wykrzykuje do pustego pokoju, jakby mia\u0142 nadziej\u0119, \u017ce \u015bciany oddadz\u0105 mu echo dawnej debaty.<\/p>\n\n\n\n<p>Dzieciaki ucz\u0105 si\u0119 mem\u00f3w zamiast my\u015blenia, nauczyciele s\u0105 wypychani z zawodu jak \u015bmieci z kuchni. Kto jeszcze zostaje? Ci, kt\u00f3rzy nie maj\u0105 si\u0142y uciec, albo ci, kt\u00f3rzy nie wiedz\u0105, dok\u0105d.<\/p>\n\n\n\n<p>Robert chcia\u0142by powiedzie\u0107, \u017ce si\u0119 ju\u017c nie przejmuje. Ale k\u0142amie. Przejmuje si\u0119 bardziej ni\u017c kiedykolwiek. Bo wie, \u017ce je\u015bli zabijesz edukacj\u0119, to nie zostaje nic. Tylko puste oczy, \u0142opocz\u0105ce flagi i durny u\u015bmiech samozadowolenia.<\/p>\n\n\n\n<p>A on pami\u0119ta, \u017ce cz\u0142owiek mo\u017ce by\u0107 kim\u015b wi\u0119cej ni\u017c tylko konsumentem, klikaczem, narz\u0119dziem propagandy. Ale tego trzeba by\u0142o kogo\u015b nauczy\u0107.<\/p>\n\n\n\n<p>Dzisiaj? Nikomu nie zale\u017cy na nauczeniu. Wszyscy chc\u0105 tylko zarz\u0105dza\u0107. A jak nie potrafi\u0105 zarz\u0105dza\u0107 \u2014 to niszcz\u0105.<\/p>\n\n\n\n<p>Profesor Robert zaciska pi\u0119\u015b\u0107. Jeszcze \u017cyje. Jeszcze my\u015bli. Jeszcze pami\u0119ta, czym by\u0142a edukacja, zanim j\u0105 sprzedano jak stare krzes\u0142o na OLX-ie.<\/p>\n\n\n\n<p>I dop\u00f3ki oddycha, b\u0119dzie o tym m\u00f3wi\u0142. Nawet je\u015bli nikt nie s\u0142ucha.<\/p>\n\n\n\n<hr class=\"wp-block-separator has-alpha-channel-opacity\"\/>\n\n\n\n<p><em>Chcesz, \u017cebym poci\u0105gn\u0105\u0142 to dalej? Mo\u017ce jaki\u015b jego manifest, albo scen\u0119, jak jedzie na debat\u0119 i robi raban?<\/em><\/p>\n<div class=\"gsp_post_data\" \r\n\t            data-post_type=\"post\" \r\n\t            data-cat=\"bez-kategorii\" \r\n\t            data-modified=\"120\"\r\n\t            data-created=\"1744454993\"\r\n\t            data-title=\"Profesor Robert &#8211; o edukacji na ostro\" \r\n\t            data-home=\"https:\/\/www.zti.il.pw.edu.pl\"><\/div>","protected":false},"excerpt":{"rendered":"<p>Wciel si\u0119 w rol\u0119 pisarza u\u017cywaj\u0105cego brutalnego i ostrego j\u0119zyka i opisz jak emerytowany Profesor Robert reaguje emocjonalnie na dzia\u0142ania niszcz\u0105ce edukacj\u0119 na wszystkich szczeblach. Okej, oto tekst w stylu brutalnym, ostrym i pe\u0142nym emocji \u2013 zgodnie z Twoj\u0105 pro\u015bb\u0105. Wcielam si\u0119 w pisarza z pazurem, kt\u00f3ry nie gryzie si\u0119 w j\u0119zyk: Profesor Robert patrzy, &hellip; <\/p>\n<p class=\"link-more\"><a href=\"https:\/\/www.zti.il.pw.edu.pl\/?p=6643\" class=\"more-link\">Czytaj dalej<span class=\"screen-reader-text\"> \u201eProfesor Robert &#8211; o edukacji na ostro\u201d<\/span><\/a><\/p>\n","protected":false},"author":1,"featured_media":0,"comment_status":"open","ping_status":"open","sticky":false,"template":"","format":"standard","meta":{"footnotes":""},"categories":[1],"tags":[],"class_list":["post-6643","post","type-post","status-publish","format-standard","hentry","category-bez-kategorii"],"_links":{"self":[{"href":"https:\/\/www.zti.il.pw.edu.pl\/index.php?rest_route=\/wp\/v2\/posts\/6643","targetHints":{"allow":["GET"]}}],"collection":[{"href":"https:\/\/www.zti.il.pw.edu.pl\/index.php?rest_route=\/wp\/v2\/posts"}],"about":[{"href":"https:\/\/www.zti.il.pw.edu.pl\/index.php?rest_route=\/wp\/v2\/types\/post"}],"author":[{"embeddable":true,"href":"https:\/\/www.zti.il.pw.edu.pl\/index.php?rest_route=\/wp\/v2\/users\/1"}],"replies":[{"embeddable":true,"href":"https:\/\/www.zti.il.pw.edu.pl\/index.php?rest_route=%2Fwp%2Fv2%2Fcomments&post=6643"}],"version-history":[{"count":4,"href":"https:\/\/www.zti.il.pw.edu.pl\/index.php?rest_route=\/wp\/v2\/posts\/6643\/revisions"}],"predecessor-version":[{"id":6654,"href":"https:\/\/www.zti.il.pw.edu.pl\/index.php?rest_route=\/wp\/v2\/posts\/6643\/revisions\/6654"}],"wp:attachment":[{"href":"https:\/\/www.zti.il.pw.edu.pl\/index.php?rest_route=%2Fwp%2Fv2%2Fmedia&parent=6643"}],"wp:term":[{"taxonomy":"category","embeddable":true,"href":"https:\/\/www.zti.il.pw.edu.pl\/index.php?rest_route=%2Fwp%2Fv2%2Fcategories&post=6643"},{"taxonomy":"post_tag","embeddable":true,"href":"https:\/\/www.zti.il.pw.edu.pl\/index.php?rest_route=%2Fwp%2Fv2%2Ftags&post=6643"}],"curies":[{"name":"wp","href":"https:\/\/api.w.org\/{rel}","templated":true}]}}