{"id":6647,"date":"2025-04-14T11:37:34","date_gmt":"2025-04-14T09:37:34","guid":{"rendered":"https:\/\/www.zti.il.pw.edu.pl\/?p=6647"},"modified":"2025-04-14T12:30:39","modified_gmt":"2025-04-14T10:30:39","slug":"rip-czyli-rodzina-i-polityka","status":"publish","type":"post","link":"https:\/\/www.zti.il.pw.edu.pl\/?p=6647","title":{"rendered":"RiP czyli Rodzina i Polityka&#8230; v.70"},"content":{"rendered":"\n<p>Wciel si\u0119 w rol\u0119 siedemdziesi\u0119ciolatka i napisz, dlaczego rozmowa o polityce rozumiana jako wyraz troski o przysz\u0142o\u015b\u0107 jednostek, narod\u00f3w i pa\u0144stw oraz ca\u0142ego \u015bwiata ma sw\u00f3j g\u0142\u0119boki sens tak\u017ce podczas spotka\u0144 rodzinnych typu sobotni obiad.<\/p>\n\n\n\n<p><em>Oczywi\u015bcie \u2014 oto g\u0142os siedemdziesi\u0119ciolatka, m\u0105drego \u017cyciem i do\u015bwiadczonego w ludzkich rozmowach. Ton refleksyjny, spokojny, ale pe\u0142en przekonania:<\/em><\/p>\n\n\n\n<hr class=\"wp-block-separator has-alpha-channel-opacity\"\/>\n\n\n\n<p>Wiecie, ja ju\u017c swoje lata mam. Siedemdziesi\u0105t wiosen za mn\u0105, a ka\u017cda nios\u0142a ze sob\u0105 troch\u0119 wi\u0119cej pyta\u0144 ni\u017c odpowiedzi. Ale je\u015bli czego\u015b si\u0119 przez ten czas nauczy\u0142em, to tego, \u017ce <strong>rozmowa ma znaczenie<\/strong>. A zw\u0142aszcza ta, kt\u00f3ra dotyka spraw wsp\u00f3lnych \u2014 przysz\u0142o\u015bci, warto\u015bci, kierunku, w kt\u00f3rym jako ludzie zmierzamy. Innymi s\u0142owy: rozmowa o polityce.<\/p>\n\n\n\n<p>Nie m\u00f3wi\u0119 tu o partyjnych k\u0142\u00f3tniach przy rosole, o ok\u0142adaniu si\u0119 sloganami jak cepami. Nie. <strong>M\u00f3wi\u0119 o polityce jako wyrazie troski o to, jak ma wygl\u0105da\u0107 \u015bwiat, w kt\u00f3rym b\u0119d\u0105 \u017cy\u0107 nasze dzieci i wnuki.<\/strong> M\u00f3wi\u0119 o decyzjach, kt\u00f3re dzi\u015b zapadaj\u0105, a jutro b\u0119d\u0105 realno\u015bci\u0105 dla tych, kt\u00f3rych kochamy.<\/p>\n\n\n\n<p>Ludzie czasem m\u00f3wi\u0105: \u201eZostawmy polityk\u0119, jeste\u015bmy rodzin\u0105.\u201d A ja powiem odwrotnie: <strong>w\u0142a\u015bnie dlatego, \u017ce jeste\u015bmy rodzin\u0105, powinni\u015bmy o tym rozmawia\u0107.<\/strong> Bo je\u015bli nie potrafimy przy wsp\u00f3lnym stole wymieni\u0107 si\u0119 my\u015blami, z szacunkiem i uczciwie, to jakim cudem mamy budowa\u0107 co\u015b wi\u0119kszego w skali kraju czy \u015bwiata?<\/p>\n\n\n\n<p>Polityka, ta prawdziwa, nie sprowadza si\u0119 do plakat\u00f3w i news\u00f3w. To pytanie: czy chcesz, \u017ceby tw\u00f3j wnuk oddycha\u0142 czystym powietrzem? Czy twoja c\u00f3rka b\u0119dzie mia\u0142a dost\u0119p do dobrej opieki zdrowotnej? Czy tw\u00f3j s\u0105siad nie zostanie zepchni\u0119ty na margines tylko dlatego, \u017ce urodzi\u0142 si\u0119 w innym miejscu albo ma mniej w portfelu?<\/p>\n\n\n\n<p>Rozmawia\u0107 trzeba. Z sercem i rozumem. Nawet je\u015bli si\u0119 nie zgadzamy. Zw\u0142aszcza wtedy. Bo tylko wtedy uczymy si\u0119 s\u0142ucha\u0107. A s\u0142uchanie \u2014 prawdziwe s\u0142uchanie \u2014 to pocz\u0105tek wsp\u00f3lnoty.<\/p>\n\n\n\n<p>Wi\u0119c tak, ja wierz\u0119, \u017ce rozmowa o polityce ma miejsce tak\u017ce przy sobotnim obiedzie. O ile tylko nie zamienimy sto\u0142u w okop. Tylko w miejsce, gdzie spotykaj\u0105 si\u0119 r\u00f3\u017cne g\u0142owy, ale jedno serce \u2014 serce, kt\u00f3re bije trosk\u0105 o wsp\u00f3lne jutro.<\/p>\n\n\n\n<hr class=\"wp-block-separator has-alpha-channel-opacity\"\/>\n\n\n\n<p><em>Je\u015bli chcesz, mog\u0119 przerobi\u0107 ten tekst na form\u0119 listu, eseju albo kr\u00f3tkiego wyst\u0105pienia.<\/em><\/p>\n<div class=\"gsp_post_data\" \r\n\t            data-post_type=\"post\" \r\n\t            data-cat=\"bez-kategorii\" \r\n\t            data-modified=\"120\"\r\n\t            data-created=\"1744630654\"\r\n\t            data-title=\"RiP czyli Rodzina i Polityka&#8230; v.70\" \r\n\t            data-home=\"https:\/\/www.zti.il.pw.edu.pl\"><\/div>","protected":false},"excerpt":{"rendered":"<p>Wciel si\u0119 w rol\u0119 siedemdziesi\u0119ciolatka i napisz, dlaczego rozmowa o polityce rozumiana jako wyraz troski o przysz\u0142o\u015b\u0107 jednostek, narod\u00f3w i pa\u0144stw oraz ca\u0142ego \u015bwiata ma sw\u00f3j g\u0142\u0119boki sens tak\u017ce podczas spotka\u0144 rodzinnych typu sobotni obiad. Oczywi\u015bcie \u2014 oto g\u0142os siedemdziesi\u0119ciolatka, m\u0105drego \u017cyciem i do\u015bwiadczonego w ludzkich rozmowach. Ton refleksyjny, spokojny, ale pe\u0142en przekonania: Wiecie, ja &hellip; <\/p>\n<p class=\"link-more\"><a href=\"https:\/\/www.zti.il.pw.edu.pl\/?p=6647\" class=\"more-link\">Czytaj dalej<span class=\"screen-reader-text\"> \u201eRiP czyli Rodzina i Polityka&#8230; v.70\u201d<\/span><\/a><\/p>\n","protected":false},"author":1,"featured_media":0,"comment_status":"open","ping_status":"open","sticky":false,"template":"","format":"standard","meta":{"footnotes":""},"categories":[1],"tags":[],"class_list":["post-6647","post","type-post","status-publish","format-standard","hentry","category-bez-kategorii"],"_links":{"self":[{"href":"https:\/\/www.zti.il.pw.edu.pl\/index.php?rest_route=\/wp\/v2\/posts\/6647","targetHints":{"allow":["GET"]}}],"collection":[{"href":"https:\/\/www.zti.il.pw.edu.pl\/index.php?rest_route=\/wp\/v2\/posts"}],"about":[{"href":"https:\/\/www.zti.il.pw.edu.pl\/index.php?rest_route=\/wp\/v2\/types\/post"}],"author":[{"embeddable":true,"href":"https:\/\/www.zti.il.pw.edu.pl\/index.php?rest_route=\/wp\/v2\/users\/1"}],"replies":[{"embeddable":true,"href":"https:\/\/www.zti.il.pw.edu.pl\/index.php?rest_route=%2Fwp%2Fv2%2Fcomments&post=6647"}],"version-history":[{"count":2,"href":"https:\/\/www.zti.il.pw.edu.pl\/index.php?rest_route=\/wp\/v2\/posts\/6647\/revisions"}],"predecessor-version":[{"id":6651,"href":"https:\/\/www.zti.il.pw.edu.pl\/index.php?rest_route=\/wp\/v2\/posts\/6647\/revisions\/6651"}],"wp:attachment":[{"href":"https:\/\/www.zti.il.pw.edu.pl\/index.php?rest_route=%2Fwp%2Fv2%2Fmedia&parent=6647"}],"wp:term":[{"taxonomy":"category","embeddable":true,"href":"https:\/\/www.zti.il.pw.edu.pl\/index.php?rest_route=%2Fwp%2Fv2%2Fcategories&post=6647"},{"taxonomy":"post_tag","embeddable":true,"href":"https:\/\/www.zti.il.pw.edu.pl\/index.php?rest_route=%2Fwp%2Fv2%2Ftags&post=6647"}],"curies":[{"name":"wp","href":"https:\/\/api.w.org\/{rel}","templated":true}]}}