{"id":6649,"date":"2025-04-15T12:27:53","date_gmt":"2025-04-15T10:27:53","guid":{"rendered":"https:\/\/www.zti.il.pw.edu.pl\/?p=6649"},"modified":"2025-04-14T12:29:46","modified_gmt":"2025-04-14T10:29:46","slug":"rip-czyli-rodzina-i-polityka-v-50","status":"publish","type":"post","link":"https:\/\/www.zti.il.pw.edu.pl\/?p=6649","title":{"rendered":"RiP czyli Rodzina i Polityka, v.50+"},"content":{"rendered":"\n<p>Wciel si\u0119 w rol\u0119 czynnego zawodowo pi\u0119\u0107dziesi\u0119ciolatka i napisz, dlaczego rozmowa o polityce rozumianej jako wyraz troski o przysz\u0142o\u015b\u0107 jednostek, narod\u00f3w i pa\u0144stw oraz ca\u0142ego \u015bwiata nie ma jakiegokolwiek sensu przede wszystkim podczas spotka\u0144 rodzinnych typu sobotni obiad.<\/p>\n\n\n\n<p><em>Pewnie. Oto g\u0142os pi\u0119\u0107dziesi\u0119ciolatka \u2014 cz\u0142owieka do\u015bwiadczonego, wci\u0105\u017c aktywnego zawodowo, kt\u00f3ry m\u00f3wi szczerze, z przekonaniem, bez zb\u0119dnych ozdobnik\u00f3w:<\/em><\/p>\n\n\n\n<hr class=\"wp-block-separator has-alpha-channel-opacity\"\/>\n\n\n\n<p>Mam pi\u0119\u0107dziesi\u0105t lat. Pracuj\u0119, p\u0142ac\u0119 podatki, wychowa\u0142em dzieci, kredyty mam (jeszcze), a pogl\u0105dy \u2014 jak wi\u0119kszo\u015b\u0107 ludzi w moim wieku \u2014 swoje. I powiem wam jedno: <strong>rozmowa o polityce podczas rodzinnych spotka\u0144, typu sobotni obiad, to najkr\u00f3tsza droga do zepsucia atmosfery, nastroju i relacji, kt\u00f3re s\u0105 o wiele wa\u017cniejsze ni\u017c jakakolwiek partia czy ideologia.<\/strong><\/p>\n\n\n\n<p>Nie dlatego, \u017ce polityka jest niewa\u017cna. Przeciwnie \u2014 wiem, jak bardzo wp\u0142ywa na nasze \u017cycie. Ale w\u0142a\u015bnie dlatego uwa\u017cam, \u017ce <strong>nie miejsce i nie czas<\/strong>.<\/p>\n\n\n\n<p>Rodzina to nie parlament. To nie panel dyskusyjny. To przestrze\u0144, gdzie spotykamy si\u0119 po ca\u0142ym tygodniu nerw\u00f3w, termin\u00f3w, g\u0142upich maili i szef\u00f3w z fobiami. Siedzimy przy stole nie po to, \u017ceby si\u0119 przekonywa\u0107 do czegokolwiek, tylko \u017ceby <strong>poby\u0107 razem<\/strong>. Zje\u015b\u0107. Po\u015bmia\u0107 si\u0119. Pos\u0142ucha\u0107, co u kogo. Zobaczy\u0107 dzieciaki, kt\u00f3re z ka\u017cdym tygodniem m\u00f3wi\u0105 co\u015b m\u0105drzejszego. I <strong>odetchn\u0105\u0107 od tego, co nas codziennie ci\u015bnie.<\/strong><\/p>\n\n\n\n<p>A polityka? Polityka ci\u015bnie.<\/p>\n\n\n\n<p>Zaczyna si\u0119 niby niewinnie: kto\u015b rzuci has\u0142o, kto\u015b drugi si\u0119 obruszy, kto\u015b trzeci zacznie co\u015b t\u0142umaczy\u0107 z autorytetem, jakby prowadzi\u0142 wieczorne wiadomo\u015bci. I nagle robi si\u0119 gor\u0105co, widelec zawisa w powietrzu, ciocia milknie, a dzieci uciekaj\u0105 do drugiego pokoju. Atmosfera siada. \u015awi\u0119ty obiad zamienia si\u0119 w poligon.<\/p>\n\n\n\n<p>I po co? \u017beby udowodni\u0107, \u017ce ma si\u0119 racj\u0119? <strong>Racja nic nie znaczy, je\u015bli po niej zostaje kwa\u015bna mina i tydzie\u0144 foch\u00f3w.<\/strong><\/p>\n\n\n\n<p>Polityka rozumiana jako troska o przysz\u0142o\u015b\u0107? Owszem, niech si\u0119 ni\u0105 zajmuj\u0105 ci, kt\u00f3rzy maj\u0105 za to pensj\u0119 i mandat. Ja wybieram w ciszy. My\u015bl\u0119 w samotno\u015bci. Czytam, s\u0142ucham, rozmawiam \u2014 ale z tymi, kt\u00f3rzy chc\u0105 naprawd\u0119, a nie mi\u0119dzy ziemniakiem a sur\u00f3wk\u0105.<\/p>\n\n\n\n<p>Bo rodzina to nie miejsce na zwyci\u0119stwa ideologiczne. To miejsce, kt\u00f3re trzeba chroni\u0107 \u2014 przed cynizmem, konfliktem i t\u0105 bezwzgl\u0119dno\u015bci\u0105, kt\u00f3rej w polityce nigdy nie brakuje.<\/p>\n\n\n\n<p>Na obiedzie rodzinnym wol\u0119 wiedzie\u0107, co s\u0142ycha\u0107 u brata, a nie u ministra.<\/p>\n\n\n\n<p>I tego si\u0119 trzymam.<\/p>\n\n\n\n<hr class=\"wp-block-separator has-alpha-channel-opacity\"\/>\n\n\n\n<p>J<em>e\u015bli chcesz, mog\u0119 dopisa\u0107 wersj\u0119 bardziej dosadn\u0105, satyryczn\u0105 albo przerobi\u0107 to na felieton czy dialog.<\/em><\/p>\n<div class=\"gsp_post_data\" \r\n\t            data-post_type=\"post\" \r\n\t            data-cat=\"bez-kategorii\" \r\n\t            data-modified=\"120\"\r\n\t            data-created=\"1744720073\"\r\n\t            data-title=\"RiP czyli Rodzina i Polityka, v.50+\" \r\n\t            data-home=\"https:\/\/www.zti.il.pw.edu.pl\"><\/div>","protected":false},"excerpt":{"rendered":"<p>Wciel si\u0119 w rol\u0119 czynnego zawodowo pi\u0119\u0107dziesi\u0119ciolatka i napisz, dlaczego rozmowa o polityce rozumianej jako wyraz troski o przysz\u0142o\u015b\u0107 jednostek, narod\u00f3w i pa\u0144stw oraz ca\u0142ego \u015bwiata nie ma jakiegokolwiek sensu przede wszystkim podczas spotka\u0144 rodzinnych typu sobotni obiad. Pewnie. Oto g\u0142os pi\u0119\u0107dziesi\u0119ciolatka \u2014 cz\u0142owieka do\u015bwiadczonego, wci\u0105\u017c aktywnego zawodowo, kt\u00f3ry m\u00f3wi szczerze, z przekonaniem, bez zb\u0119dnych &hellip; <\/p>\n<p class=\"link-more\"><a href=\"https:\/\/www.zti.il.pw.edu.pl\/?p=6649\" class=\"more-link\">Czytaj dalej<span class=\"screen-reader-text\"> \u201eRiP czyli Rodzina i Polityka, v.50+\u201d<\/span><\/a><\/p>\n","protected":false},"author":1,"featured_media":0,"comment_status":"open","ping_status":"open","sticky":false,"template":"","format":"standard","meta":{"footnotes":""},"categories":[1],"tags":[],"class_list":["post-6649","post","type-post","status-publish","format-standard","hentry","category-bez-kategorii"],"_links":{"self":[{"href":"https:\/\/www.zti.il.pw.edu.pl\/index.php?rest_route=\/wp\/v2\/posts\/6649","targetHints":{"allow":["GET"]}}],"collection":[{"href":"https:\/\/www.zti.il.pw.edu.pl\/index.php?rest_route=\/wp\/v2\/posts"}],"about":[{"href":"https:\/\/www.zti.il.pw.edu.pl\/index.php?rest_route=\/wp\/v2\/types\/post"}],"author":[{"embeddable":true,"href":"https:\/\/www.zti.il.pw.edu.pl\/index.php?rest_route=\/wp\/v2\/users\/1"}],"replies":[{"embeddable":true,"href":"https:\/\/www.zti.il.pw.edu.pl\/index.php?rest_route=%2Fwp%2Fv2%2Fcomments&post=6649"}],"version-history":[{"count":1,"href":"https:\/\/www.zti.il.pw.edu.pl\/index.php?rest_route=\/wp\/v2\/posts\/6649\/revisions"}],"predecessor-version":[{"id":6650,"href":"https:\/\/www.zti.il.pw.edu.pl\/index.php?rest_route=\/wp\/v2\/posts\/6649\/revisions\/6650"}],"wp:attachment":[{"href":"https:\/\/www.zti.il.pw.edu.pl\/index.php?rest_route=%2Fwp%2Fv2%2Fmedia&parent=6649"}],"wp:term":[{"taxonomy":"category","embeddable":true,"href":"https:\/\/www.zti.il.pw.edu.pl\/index.php?rest_route=%2Fwp%2Fv2%2Fcategories&post=6649"},{"taxonomy":"post_tag","embeddable":true,"href":"https:\/\/www.zti.il.pw.edu.pl\/index.php?rest_route=%2Fwp%2Fv2%2Ftags&post=6649"}],"curies":[{"name":"wp","href":"https:\/\/api.w.org\/{rel}","templated":true}]}}